{"id":987,"date":"2024-10-15T07:20:38","date_gmt":"2024-10-15T07:20:38","guid":{"rendered":"https:\/\/nuklearnaperspektiva.com\/?p=987"},"modified":"2024-10-15T07:20:38","modified_gmt":"2024-10-15T07:20:38","slug":"da-li-se-u-nemacku-vraca-nuklearna-energija","status":"publish","type":"post","link":"https:\/\/nuklearnaperspektiva.com\/index.php\/2024\/10\/15\/da-li-se-u-nemacku-vraca-nuklearna-energija\/","title":{"rendered":"Da li se u Nema\u010dku vra\u0107a nuklearna energija?\u00a0"},"content":{"rendered":"\n<p><strong>Hri\u0161\u0107ansko demokratska unija i hri\u0161\u0107anska socijaldemokratska unija u Nema\u010dkoj planiraju da u Nema\u010dkoj o\u017eive sektor nuklearne energije ukoliko odnesu pobedu na slede\u0107im izborima, pi\u0161e Haldelsblat a prenosi Frankfurter Rund\u0161au<\/strong>\u00a0<\/p>\n\n\n\n<figure class=\"wp-block-image size-full\"><img loading=\"lazy\" decoding=\"async\" width=\"1024\" height=\"615\" src=\"https:\/\/nuklearnaperspektiva.com\/wp-content\/uploads\/2024\/10\/Flag_of_CDU.svg_.png\" alt=\"Foto: Wikimedia\" class=\"wp-image-988\" srcset=\"https:\/\/nuklearnaperspektiva.com\/wp-content\/uploads\/2024\/10\/Flag_of_CDU.svg_.png 1024w, https:\/\/nuklearnaperspektiva.com\/wp-content\/uploads\/2024\/10\/Flag_of_CDU.svg_-300x180.png 300w, https:\/\/nuklearnaperspektiva.com\/wp-content\/uploads\/2024\/10\/Flag_of_CDU.svg_-768x461.png 768w\" sizes=\"auto, (max-width: 1024px) 100vw, 1024px\" \/><figcaption class=\"wp-element-caption\">Foto: Wikimedia<\/figcaption><\/figure>\n\n\n\n<p>Ako pobede na saveznim izborima, ove dve stranke (CDU i CSU) \u017eele da ponovo aktiviraju nuklearne elektrane koje su nedavno (2023) isklju\u010dene. CSU poku\u0161ava da po ovom pitanju donese rezoluciju na svojoj partijskoj konferenciji u Augsburgu ovog vikenda i poziva na nastavak kori\u0161\u0107enja i dalji razvoj nuklearne energije, stoji u predlogu koji je bio dostupan Handelsblatu. Odbor za predloge preporu\u010duje da strana\u010dka konferencija odobri predlog.&nbsp;<\/p>\n\n\n\n<p>\u201ePoslednje nuklearne elektrane su zatvorene, ali demonta\u017ea jo\u0161 nije po\u010dela\u201c, rekao je za Handelsblat Sebastijan Brem, jedan od funkcionera CSU. On je tako\u0111e rekao da je ve\u0107 proverio izvodljivost ovog plana te da bi pet nuklearnih reaktora koji jo\u0161 uvek nisu rastavljeni mogli da se \u201ereaktiviraju bez komplikacija i vrate na mre\u017eu \u0161to je pre mogu\u0107e\u201c. Framatome, podru\u017enica francuske energetske grupe Areva, potvrdila je ovo Bremu.&nbsp;<\/p>\n\n\n\n<p>Prema re\u010dima predsedavaju\u0107eg jednog od tela CSU-a, cilj je da se pomogne posebno industriji, koja zavisi od jeftine elektri\u010dne energije i pouzdanog baznog optere\u0107enja koja je, u nedostatku pouzdane elektri\u010dne energije prinu\u0111ena da uvozi i nuklearnu energiju od svojih evropskih suseda (u prvom redu: Francuske).<\/p>\n\n\n\n<p>Istovremeno, vr\u0161i se i pritisak na saveznom nivou. U julu je poslani\u010dka grupa CDU\/CSU ve\u0107 <a href=\"https:\/\/nuklearnaperspektiva.com\/index.php\/2024\/06\/07\/istraga-o-izvestaju-na-osnovu-kojeg-su-ugasene-nemacke-nuklearne-elektrane\/\" target=\"_blank\" rel=\"noopener\" title=\"\">zatra\u017eila<\/a> istragu parlamentarnog odbora oko \u201eokolnosti ga\u0161enja poslednje tri nuklearne elektrane u Saveznoj Republici\u201c. Prema re\u010dima \u010dlana Bundestaga Andreasa Lenca, komitet istra\u017euje \u201eda li je javnost bila prevarena u odluci o zatvaranju poslednje tri nuklearne elektrane\u201d jer postoji \u201erazumna sumnja da obe\u0107ana otvorena revizija nastavka operacije nikada nije odr\u017eana\u201c, rekao je Lenc novinskoj agenciji DPA jo\u0161 u julu.\u00a0<\/p>\n\n\n\n<p>A mi podse\u0107amo da je, prema pisanju nema\u010dkog lista Cicero, nema\u010dka javnost bila <a href=\"https:\/\/nuklearnaperspektiva.com\/index.php\/2024\/04\/29\/nemacke-nuklearne-elektrane-su-ugasene-na-osnovu-laznog-izvestaja-tvrdi-cicero\/\" target=\"_blank\" rel=\"noopener\" title=\"\">obmanuta<\/a> kada su nuklearne elektrane uga\u0161ene 2023 godine. Cicero, tako, tvrdi da su mla\u0111i ministri u Ministarstvu ekonomije i \u017eivotne sredine iz stranke Zelenih tokom 2022. godine prepravili ili izmenili dokumentaciju o bezbednosnim implikacijama produ\u017eavanja rada tada operativnih nuklearnih postrojenja kako bi sugerisali da zadr\u017eavanje tih elektrana u operativnom stanju \u201enije odr\u017eivo iz tehni\u010dkih i\/ili bezbednosnih razloga\u201d &#8211; iako je ono uistinu bilo bezbedno.\u00a0<\/p>\n\n\n\n<p>Me\u0111utim, dosta toga zavisi i od rezultata budu\u0107ih izbora &#8211; CSU i CDU su prakti\u010dno jedna te ista stranka, sa tim da CSU funkcioni\u0161e na teritoriji Bavarske, tako da valja notirati da u prakti\u010dnom smislu &#8211; o\u017eivljavanje nuklearne energije predla\u017ee <em>jedna<\/em> stranka. Ukoliko u budu\u0107em parlamentu CDU ne bude imala ve\u0107inu, a vrlo je verovatno da ne\u0107e, vlada \u0107e morati da bude koaliciona te \u0107e o ovoj odluci morati da se donose kompromisna re\u0161enja. Stoga \u0107e dosta toga zavisiti i od izbornog uspeha stranke Zelenih (iz \u010dijih redova i dolaze gorepomenuti optu\u017eeni za obmanjivanje javnosti) jer je ova stranka pokazala potpuno beskompromisni stav povodom nuklearne energije i gotovo sa sigurno\u0161\u0107u mo\u017eemo tvrditi da Zeleni <em>ne\u0107e <\/em>biti u vladi koja \u0107e o\u017eiveti nuklearnu energiju u Nema\u010dkoj.&nbsp;<\/p>\n\n\n\n<p>Tako\u0111e, valja imati u vidu jo\u0161 dve stvari: poziciju javnog menjenja u Nema\u010dkoj i poziciju, mo\u017eda i jo\u0161 va\u017enije, nema\u010dke industrije. Tako, ve\u0107 i sam Frankfurter Rund\u0161au navodi da je pitanje da li povratak nuklearne energije ima smisla \u201ckontroverzno\u201d. Prema ovom listu, nuklearna energija je veoma skupa, na \u0161ta je u januaru upozorila generalna direktorka Udru\u017eenja nema\u010dke energetske industrije Kerstin Andreae. \u201cUmesto toga, energetska industrija se \u201ejasno\u201c fokusira na obnovljive izvore energije. Cilj je da se izbalansiraju fluktuacije sa fleksibilnim gasnim elektranama dok ne budu mogle da rade sa vodonikom. \u201eNe smemo da smanjimo pritisak iza ove strategije elektrane predla\u017eu\u0107i drugu opciju\u201c, rekao je Kenig. I svi dosada\u0161nji operateri nuklearnih elektrana tada su govorili da reaktiviranje reaktora nije opcija\u201d pi\u0161e Frankfurter Rund\u0161au. <\/p>\n\n\n\n<p>U isto vreme, u Nema\u010dkoj je cena elektri\u010dne energije osetno ve\u0107a nego u Francuskoj a Nema\u010dka je, ne bi li obezbedila dovoljne koli\u010dine energije, morala da reaktivira \u010dak i elektrane na ugalj. <\/p>\n\n\n\n<p>Veoma pa\u017eljivo \u0107emo pratiti situaciju u Nema\u010dkoj.&nbsp;<\/p>\n\n\n\n<p class=\"has-text-align-right\">S.A.<\/p>\n","protected":false},"excerpt":{"rendered":"<p>Hri\u0161\u0107ansko demokratska unija i hri\u0161\u0107anska socijaldemokratska unija u Nema\u010dkoj planiraju da u Nema\u010dkoj o\u017eive sektor nuklearne energije ukoliko odnesu pobedu<\/p>\n","protected":false},"author":4,"featured_media":988,"comment_status":"closed","ping_status":"open","sticky":false,"template":"","format":"standard","meta":{"om_disable_all_campaigns":false,"_monsterinsights_skip_tracking":false,"_monsterinsights_sitenote_active":false,"_monsterinsights_sitenote_note":"","_monsterinsights_sitenote_category":0,"footnotes":""},"categories":[23,19],"tags":[36],"class_list":["post-987","post","type-post","status-publish","format-standard","has-post-thumbnail","hentry","category-studije-slucaja","category-vesti","tag-nemacka"],"aioseo_notices":[],"_links":{"self":[{"href":"https:\/\/nuklearnaperspektiva.com\/index.php\/wp-json\/wp\/v2\/posts\/987","targetHints":{"allow":["GET"]}}],"collection":[{"href":"https:\/\/nuklearnaperspektiva.com\/index.php\/wp-json\/wp\/v2\/posts"}],"about":[{"href":"https:\/\/nuklearnaperspektiva.com\/index.php\/wp-json\/wp\/v2\/types\/post"}],"author":[{"embeddable":true,"href":"https:\/\/nuklearnaperspektiva.com\/index.php\/wp-json\/wp\/v2\/users\/4"}],"replies":[{"embeddable":true,"href":"https:\/\/nuklearnaperspektiva.com\/index.php\/wp-json\/wp\/v2\/comments?post=987"}],"version-history":[{"count":1,"href":"https:\/\/nuklearnaperspektiva.com\/index.php\/wp-json\/wp\/v2\/posts\/987\/revisions"}],"predecessor-version":[{"id":989,"href":"https:\/\/nuklearnaperspektiva.com\/index.php\/wp-json\/wp\/v2\/posts\/987\/revisions\/989"}],"wp:featuredmedia":[{"embeddable":true,"href":"https:\/\/nuklearnaperspektiva.com\/index.php\/wp-json\/wp\/v2\/media\/988"}],"wp:attachment":[{"href":"https:\/\/nuklearnaperspektiva.com\/index.php\/wp-json\/wp\/v2\/media?parent=987"}],"wp:term":[{"taxonomy":"category","embeddable":true,"href":"https:\/\/nuklearnaperspektiva.com\/index.php\/wp-json\/wp\/v2\/categories?post=987"},{"taxonomy":"post_tag","embeddable":true,"href":"https:\/\/nuklearnaperspektiva.com\/index.php\/wp-json\/wp\/v2\/tags?post=987"}],"curies":[{"name":"wp","href":"https:\/\/api.w.org\/{rel}","templated":true}]}}