{"id":3077,"date":"2026-04-28T10:06:41","date_gmt":"2026-04-28T10:06:41","guid":{"rendered":"https:\/\/nuklearnaperspektiva.com\/?p=3077"},"modified":"2026-04-28T10:06:41","modified_gmt":"2026-04-28T10:06:41","slug":"cernobilj-40-godina-kasnije-izmedu-heroizma-likvidatora-i-novih-pretnji-pod-senkom-rata","status":"publish","type":"post","link":"https:\/\/nuklearnaperspektiva.com\/index.php\/2026\/04\/28\/cernobilj-40-godina-kasnije-izmedu-heroizma-likvidatora-i-novih-pretnji-pod-senkom-rata\/","title":{"rendered":"\u010cernobilj, 40 godina kasnije: izme\u0111u heroizma likvidatora i novih pretnji pod senkom rata"},"content":{"rendered":"\n<p><strong>Na me\u0111unarodnoj konferenciji odr\u017eanoj na samoj lokaciji nuklearne elektrane \u010cernobilj, svetski lideri i stru\u010dnjaci odali su po\u0161tu \u201elikvidatorima\u201c koji su pre \u010detiri decenije spasili svet, dok su istovremeno pokrenuli hitan apel za prikupljanje sredstava za sanaciju o\u0161te\u0107enja na za\u0161titnom sarkofagu<\/strong><\/p>\n\n\n\n<figure class=\"wp-block-image size-large\"><img loading=\"lazy\" decoding=\"async\" width=\"1024\" height=\"683\" src=\"https:\/\/nuklearnaperspektiva.com\/wp-content\/uploads\/2025\/04\/5395399280_df675f7263_h-1024x683.jpg\" alt=\"Spomenik \u017ertvama \u010dernobiljske nesre\u0107e i ikoni\u010dka elektrana u pozadini. Foto: IAEA, Flickr\" class=\"wp-image-1731\" srcset=\"https:\/\/nuklearnaperspektiva.com\/wp-content\/uploads\/2025\/04\/5395399280_df675f7263_h-1024x683.jpg 1024w, https:\/\/nuklearnaperspektiva.com\/wp-content\/uploads\/2025\/04\/5395399280_df675f7263_h-300x200.jpg 300w, https:\/\/nuklearnaperspektiva.com\/wp-content\/uploads\/2025\/04\/5395399280_df675f7263_h-768x512.jpg 768w, https:\/\/nuklearnaperspektiva.com\/wp-content\/uploads\/2025\/04\/5395399280_df675f7263_h-1536x1024.jpg 1536w, https:\/\/nuklearnaperspektiva.com\/wp-content\/uploads\/2025\/04\/5395399280_df675f7263_h.jpg 1600w\" sizes=\"auto, (max-width: 1024px) 100vw, 1024px\" \/><figcaption class=\"wp-element-caption\">Spomenik \u017ertvama \u010dernobiljske nesre\u0107e i ikoni\u010dka elektrana u pozadini. Foto: IAEA, Flickr<\/figcaption><\/figure>\n\n\n\n<p>Obele\u017eavanju godi\u0161njice prisustvovali su predsednik Ukrajine Volodimir Zelenski, direktor IAEA Rafael Grosi i predsednica Evropske banke za obnovu i razvoj (EBRD) Odil Reno-Baso. Centralna tema skupa bila je \u010dinjenica da nuklearna bezbednost nije \u201ezavr\u0161ena pri\u010da\u201c, ve\u0107 odgovornost koja traje.<\/p>\n\n\n\n<p>Predsednik Zelenski je podsetio na podvig 600.000 ljudi koji su u\u010destvovali u sanaciji nakon eksplozije 1986. godine. \u201eDanas je sve poznato o uzrocima katastrofe \u2013 \u010ditav lanac odluka i gre\u0161aka koji je doveo do eksplozije. Ali pamtimo herojstvo na\u0161ih vatrogasaca koji su spasili planetu\u201c, izjavio je Zelenski.<\/p>\n\n\n\n<p>Me\u0111utim, fokus se brzo pomerio na sada\u0161njost: tokom konferencije je potpisan ugovor sa EBRD o dodeli 30 miliona evra za po\u010detnu fazu obnove Novog bezbednog konfinmana (NSC). Ovaj gigantski luk, projektovan da traje 100 godina, o\u0161te\u0107en je u napadu dronom u februaru pro\u0161le godine i veliko je pitanje da li je trajno kompromitovan kao za\u0161titna struktura &#8211; \u010dime se svetski mediji intenzivnije bave poslednjih meseci.<\/p>\n\n\n\n<p>Iako je EBRD obezbedila prva sredstva, Reno-Baso je bila direktna: \u201eMoramo biti iskreni, trenutno dostupni resursi nisu dovoljni.\u201c Ukupna procena restauracije luka na njegovu punu funkciju iznosi oko 500 miliona evra. Bez ovih sredstava, nemogu\u0107e je nastaviti bezbedno uklanjanje materijala iz uni\u0161tenog reaktora 4 koji se nalazi ispod starog sarkofaga.<\/p>\n\n\n\n<p>A Rafael Grosi (IAEA) je preko mre\u017ee X poru\u010dio da se \u201ebezbednost nikada ne sme uzimati zdravo za gotovo\u201c i da \u010cernobilj nije istorija, ve\u0107 \u201e\u017eiva odgovornost\u201c.<\/p>\n\n\n\n<p>Izvor: World Nuclear News<\/p>\n\n\n\n<p class=\"has-text-align-right\">S.A.<\/p>\n","protected":false},"excerpt":{"rendered":"<p>Na me\u0111unarodnoj konferenciji odr\u017eanoj na samoj lokaciji nuklearne elektrane \u010cernobilj, svetski lideri i stru\u010dnjaci odali su po\u0161tu \u201elikvidatorima\u201c koji su<\/p>\n","protected":false},"author":4,"featured_media":1731,"comment_status":"closed","ping_status":"open","sticky":false,"template":"","format":"standard","meta":{"om_disable_all_campaigns":false,"_monsterinsights_skip_tracking":false,"_monsterinsights_sitenote_active":false,"_monsterinsights_sitenote_note":"","_monsterinsights_sitenote_category":0,"footnotes":""},"categories":[23,19],"tags":[120],"class_list":["post-3077","post","type-post","status-publish","format-standard","has-post-thumbnail","hentry","category-studije-slucaja","category-vesti","tag-cernobilj"],"aioseo_notices":[],"_links":{"self":[{"href":"https:\/\/nuklearnaperspektiva.com\/index.php\/wp-json\/wp\/v2\/posts\/3077","targetHints":{"allow":["GET"]}}],"collection":[{"href":"https:\/\/nuklearnaperspektiva.com\/index.php\/wp-json\/wp\/v2\/posts"}],"about":[{"href":"https:\/\/nuklearnaperspektiva.com\/index.php\/wp-json\/wp\/v2\/types\/post"}],"author":[{"embeddable":true,"href":"https:\/\/nuklearnaperspektiva.com\/index.php\/wp-json\/wp\/v2\/users\/4"}],"replies":[{"embeddable":true,"href":"https:\/\/nuklearnaperspektiva.com\/index.php\/wp-json\/wp\/v2\/comments?post=3077"}],"version-history":[{"count":1,"href":"https:\/\/nuklearnaperspektiva.com\/index.php\/wp-json\/wp\/v2\/posts\/3077\/revisions"}],"predecessor-version":[{"id":3078,"href":"https:\/\/nuklearnaperspektiva.com\/index.php\/wp-json\/wp\/v2\/posts\/3077\/revisions\/3078"}],"wp:featuredmedia":[{"embeddable":true,"href":"https:\/\/nuklearnaperspektiva.com\/index.php\/wp-json\/wp\/v2\/media\/1731"}],"wp:attachment":[{"href":"https:\/\/nuklearnaperspektiva.com\/index.php\/wp-json\/wp\/v2\/media?parent=3077"}],"wp:term":[{"taxonomy":"category","embeddable":true,"href":"https:\/\/nuklearnaperspektiva.com\/index.php\/wp-json\/wp\/v2\/categories?post=3077"},{"taxonomy":"post_tag","embeddable":true,"href":"https:\/\/nuklearnaperspektiva.com\/index.php\/wp-json\/wp\/v2\/tags?post=3077"}],"curies":[{"name":"wp","href":"https:\/\/api.w.org\/{rel}","templated":true}]}}