{"id":2849,"date":"2026-03-11T07:39:55","date_gmt":"2026-03-11T07:39:55","guid":{"rendered":"https:\/\/nuklearnaperspektiva.com\/?p=2849"},"modified":"2026-03-11T07:39:56","modified_gmt":"2026-03-11T07:39:56","slug":"dedovic-handanovic-iz-pariza-nuklearna-elektrana-do-2040","status":"publish","type":"post","link":"https:\/\/nuklearnaperspektiva.com\/index.php\/2026\/03\/11\/dedovic-handanovic-iz-pariza-nuklearna-elektrana-do-2040\/","title":{"rendered":"\u0110edovi\u0107 Handanovi\u0107 iz Pariza: nuklearna elektrana do 2040\u00a0"},"content":{"rendered":"\n<p><strong>Ministarka rudarstva i energetike Dubravka \u0110edovi\u0107 Handanovi\u0107 najavila je da bi Srbija mogla imati nuklearnu elektranu do 2040. godine. Sa Nuklearnog samita 2026 je dodala i da Srbija te\u017ei da postane deo globalne nuklearne renesanse \u00a0<\/strong><\/p>\n\n\n\n<figure class=\"wp-block-image size-large\"><img loading=\"lazy\" decoding=\"async\" width=\"1024\" height=\"683\" src=\"https:\/\/nuklearnaperspektiva.com\/wp-content\/uploads\/2026\/03\/BA6A6411-1024x683.jpeg\" alt=\"Foto: MRE\" class=\"wp-image-2847\" srcset=\"https:\/\/nuklearnaperspektiva.com\/wp-content\/uploads\/2026\/03\/BA6A6411-1024x683.jpeg 1024w, https:\/\/nuklearnaperspektiva.com\/wp-content\/uploads\/2026\/03\/BA6A6411-300x200.jpeg 300w, https:\/\/nuklearnaperspektiva.com\/wp-content\/uploads\/2026\/03\/BA6A6411-768x512.jpeg 768w, https:\/\/nuklearnaperspektiva.com\/wp-content\/uploads\/2026\/03\/BA6A6411.jpeg 1111w\" sizes=\"auto, (max-width: 1024px) 100vw, 1024px\" \/><figcaption class=\"wp-element-caption\">Foto: MRE<\/figcaption><\/figure>\n\n\n\n<p><strong>Cilj: Nuklearna elektrana na mre\u017ei do 2040. godine<\/strong><\/p>\n\n\n\n<p>Ministarka je istakla da Srbija, kao \u201enovajlija\u201c u ovoj oblasti, trenutno sprovodi Fazu 1 razvoja nuklearnog programa u skladu sa smernicama IAEA. Planirano je da ova faza bude zavr\u0161ena do sredine 2027. godine, \u010dime \u0107e se ste\u0107i uslovi za dono\u0161enje informisane odluke o daljim koracima.<\/p>\n\n\n\n<p>Prema njenim re\u010dima, Srbija bi do 2032. godine trebalo da izgradi neophodne institucionalne i stru\u010dne kapacitete kako bi izabrala tehnologiju i zapo\u010dela proces izgradnje, sa ciljem da prva nuklearna elektrana bude na mre\u017ei oko 2040. godine.<\/p>\n\n\n\n<p><strong>Saradnja sa Francuskom i IAEA<\/strong><\/p>\n\n\n\n<p>\u0110edovi\u0107 Handanovi\u0107 je najavila da \u0107e u Srbiju uskoro do\u0107i visoka delegacija francuske kompanije EDF, sa kojom se o\u010dekuje potpisivanje pisma o namerama. Saradnja \u0107e obuhvatiti izradu \u010detiri klju\u010dne studije koje se ti\u010du ljudskih resursa, analize zakonodavstva i ispitivanja javnog mnjenja. Pored toga, istaknuta je va\u017enost tehni\u010dke podr\u0161ke IAEA kroz programe stipendija, obuka i razvoj bezbednosnih standarda.<\/p>\n\n\n\n<p>\u201eNuklearna energija daje \u010dvrstu bazu za narednih 50 godina. To \u0107e pozitivno uticati na doma\u0107u industriju, stvaraju\u0107i nova radna mesta i ja\u010daju\u0107i bazu na\u0161ih in\u017eenjera i tehni\u010dara\u201c, poru\u010dila je ministarka.<\/p>\n\n\n\n<p>Neki mediji jo\u0161 <a href=\"https:\/\/013info.rs\/srbija\/prva-nuklearna-elektrana-u-srbiji-kostace-bar-10-milijardi-evra\/\" target=\"_blank\" rel=\"noopener\" title=\"dodaju\">dodaju<\/a> i procenu od oko deset milijardi evra, ali mi dodajemo i da je cenu ovakvog projekta unapred izuzetno te\u0161ko predvideti te da je radikalno probijanje rokova i projektovane cene gotovo neizbe\u017eno.      <\/p>\n\n\n\n<p>Izvor: Ministarstvo rudarstva i energetike\u00a0\/ 013info <\/p>\n\n\n\n<p class=\"has-text-align-right\">S.A.<\/p>\n","protected":false},"excerpt":{"rendered":"<p>Ministarka rudarstva i energetike Dubravka \u0110edovi\u0107 Handanovi\u0107 najavila je da bi Srbija mogla imati nuklearnu elektranu do 2040. godine. Sa<\/p>\n","protected":false},"author":4,"featured_media":2847,"comment_status":"closed","ping_status":"open","sticky":false,"template":"","format":"standard","meta":{"om_disable_all_campaigns":false,"_monsterinsights_skip_tracking":false,"_monsterinsights_sitenote_active":false,"_monsterinsights_sitenote_note":"","_monsterinsights_sitenote_category":0,"footnotes":""},"categories":[19],"tags":[46],"class_list":["post-2849","post","type-post","status-publish","format-standard","has-post-thumbnail","hentry","category-vesti","tag-srbija"],"aioseo_notices":[],"_links":{"self":[{"href":"https:\/\/nuklearnaperspektiva.com\/index.php\/wp-json\/wp\/v2\/posts\/2849","targetHints":{"allow":["GET"]}}],"collection":[{"href":"https:\/\/nuklearnaperspektiva.com\/index.php\/wp-json\/wp\/v2\/posts"}],"about":[{"href":"https:\/\/nuklearnaperspektiva.com\/index.php\/wp-json\/wp\/v2\/types\/post"}],"author":[{"embeddable":true,"href":"https:\/\/nuklearnaperspektiva.com\/index.php\/wp-json\/wp\/v2\/users\/4"}],"replies":[{"embeddable":true,"href":"https:\/\/nuklearnaperspektiva.com\/index.php\/wp-json\/wp\/v2\/comments?post=2849"}],"version-history":[{"count":1,"href":"https:\/\/nuklearnaperspektiva.com\/index.php\/wp-json\/wp\/v2\/posts\/2849\/revisions"}],"predecessor-version":[{"id":2850,"href":"https:\/\/nuklearnaperspektiva.com\/index.php\/wp-json\/wp\/v2\/posts\/2849\/revisions\/2850"}],"wp:featuredmedia":[{"embeddable":true,"href":"https:\/\/nuklearnaperspektiva.com\/index.php\/wp-json\/wp\/v2\/media\/2847"}],"wp:attachment":[{"href":"https:\/\/nuklearnaperspektiva.com\/index.php\/wp-json\/wp\/v2\/media?parent=2849"}],"wp:term":[{"taxonomy":"category","embeddable":true,"href":"https:\/\/nuklearnaperspektiva.com\/index.php\/wp-json\/wp\/v2\/categories?post=2849"},{"taxonomy":"post_tag","embeddable":true,"href":"https:\/\/nuklearnaperspektiva.com\/index.php\/wp-json\/wp\/v2\/tags?post=2849"}],"curies":[{"name":"wp","href":"https:\/\/api.w.org\/{rel}","templated":true}]}}