{"id":2799,"date":"2026-02-26T09:55:30","date_gmt":"2026-02-26T09:55:30","guid":{"rendered":"https:\/\/nuklearnaperspektiva.com\/?p=2799"},"modified":"2026-02-26T09:55:31","modified_gmt":"2026-02-26T09:55:31","slug":"iberdrola-trazi-produzetak-rada-za-sve-nuklearke-u-zemlji","status":"publish","type":"post","link":"https:\/\/nuklearnaperspektiva.com\/index.php\/2026\/02\/26\/iberdrola-trazi-produzetak-rada-za-sve-nuklearke-u-zemlji\/","title":{"rendered":"Iberdrola tra\u017ei produ\u017eetak rada za sve nuklearke u zemlji"},"content":{"rendered":"\n<p class=\"wp-block-paragraph\"><strong>Izvr\u0161ni predsednik \u0161panskog energetskog giganta Iberdrola, Ignacio Galan, najavio je da kompanija planira da zatra\u017ei produ\u017eenje radnog veka za sve nuklearne reaktore u \u0160paniji. Ova odluka dolazi kao direktan odgovor na veliki blekaut koji je u aprilu pro\u0161le godine pogodio zemlju i ponovo pokrenuo debatu o neophodnosti nuklearne energije<\/strong><\/p>\n\n\n\n<figure class=\"wp-block-image size-full\"><img loading=\"lazy\" decoding=\"async\" width=\"984\" height=\"769\" src=\"https:\/\/nuklearnaperspektiva.com\/wp-content\/uploads\/2025\/11\/Nuclear_power_plants_map_Spain-es.svg_.png\" alt=\"Nuklearne elektrane u \u0160paniji. Foto: Wikimedia\" class=\"wp-image-2476\" srcset=\"https:\/\/nuklearnaperspektiva.com\/wp-content\/uploads\/2025\/11\/Nuclear_power_plants_map_Spain-es.svg_.png 984w, https:\/\/nuklearnaperspektiva.com\/wp-content\/uploads\/2025\/11\/Nuclear_power_plants_map_Spain-es.svg_-300x234.png 300w, https:\/\/nuklearnaperspektiva.com\/wp-content\/uploads\/2025\/11\/Nuclear_power_plants_map_Spain-es.svg_-768x600.png 768w\" sizes=\"auto, (max-width: 984px) 100vw, 984px\" \/><figcaption class=\"wp-element-caption\">Nuklearne elektrane u \u0160paniji. Foto: Wikimedia<\/figcaption><\/figure>\n\n\n\n<p class=\"wp-block-paragraph\">\u0160panija je ranije usvojila plan o potpunom ga\u0161enju nuklearnog sektora do 2035. godine, po\u010dev\u0161i sa elektranom Almaraz ve\u0107 2027. godine. Me\u0111utim, realnost na mre\u017ei je primorala vlasnike (Iberdrola, Endesa i Naturgy) da povuku ru\u010dnu ko\u010dnicu, kada se pro\u0161log aprila elektroenergetski sistem celog poluostrva raspao.<\/p>\n\n\n\n<p class=\"wp-block-paragraph\">\u201eNuklearne elektrane su neophodne, bezbedne, efikasne i doprinose ni\u017eim cenama struje,\u201c poru\u010dio je Galan investitorima. Kompanija je ve\u0107 podnela zvani\u010dan zahtev za produ\u017eenje rada Almaraza za dodatne tri godine, a Galan je potvrdio da \u0107e se sli\u010dni zahtevi podnositi i za ostale reaktore u budu\u0107nosti.<\/p>\n\n\n\n<p class=\"wp-block-paragraph\">\u0160panija je na te\u017ei na\u010din (kroz mrak u aprilu) nau\u010dila da obnovljivi izvori energije bez stabilne baze i proizvodnje za bazno optere\u0107enje jednostavno ne mogu garantovati sigurnost i stabilnost kompleksnih elektroenergetskih sistema. <\/p>\n\n\n\n<p class=\"wp-block-paragraph\">Ina\u010de, u \u0160paniji se vodi ozbilja <a href=\"https:\/\/nuklearnaperspektiva.com\/?s=%C5%A0panija\" target=\"_blank\" rel=\"noopener\" title=\"\">debata<\/a> o nuklearnoj energiji koja se veoma zao\u0161trila nakon pomenutog raspada elektroenergetskog sistema. <\/p>\n\n\n\n<p class=\"wp-block-paragraph\">Tako\u0111e, dodajemo i da kao i u primeru drugih produ\u017eenja \u017eivotnih vekova nuklearnih elektrana Iberdrola smatra da je produ\u017eenje rada postoje\u0107ih reaktora ekonomski najrazumniji potez.\u00a0<\/p>\n\n\n\n<p class=\"wp-block-paragraph\">Izvor: Reuters&nbsp;<\/p>\n\n\n\n<p class=\"has-text-align-right wp-block-paragraph\">S.A.<\/p>\n","protected":false},"excerpt":{"rendered":"<p>Izvr\u0161ni predsednik \u0161panskog energetskog giganta Iberdrola, Ignacio Galan, najavio je da kompanija planira da zatra\u017ei produ\u017eenje radnog veka za sve<\/p>\n","protected":false},"author":4,"featured_media":2476,"comment_status":"closed","ping_status":"open","sticky":false,"template":"","format":"standard","meta":{"om_disable_all_campaigns":false,"_monsterinsights_skip_tracking":false,"footnotes":""},"categories":[23,19],"tags":[106],"class_list":["post-2799","post","type-post","status-publish","format-standard","has-post-thumbnail","hentry","category-studije-slucaja","category-vesti","tag-spanija"],"aioseo_notices":[],"_links":{"self":[{"href":"https:\/\/nuklearnaperspektiva.com\/index.php\/wp-json\/wp\/v2\/posts\/2799","targetHints":{"allow":["GET"]}}],"collection":[{"href":"https:\/\/nuklearnaperspektiva.com\/index.php\/wp-json\/wp\/v2\/posts"}],"about":[{"href":"https:\/\/nuklearnaperspektiva.com\/index.php\/wp-json\/wp\/v2\/types\/post"}],"author":[{"embeddable":true,"href":"https:\/\/nuklearnaperspektiva.com\/index.php\/wp-json\/wp\/v2\/users\/4"}],"replies":[{"embeddable":true,"href":"https:\/\/nuklearnaperspektiva.com\/index.php\/wp-json\/wp\/v2\/comments?post=2799"}],"version-history":[{"count":1,"href":"https:\/\/nuklearnaperspektiva.com\/index.php\/wp-json\/wp\/v2\/posts\/2799\/revisions"}],"predecessor-version":[{"id":2800,"href":"https:\/\/nuklearnaperspektiva.com\/index.php\/wp-json\/wp\/v2\/posts\/2799\/revisions\/2800"}],"wp:featuredmedia":[{"embeddable":true,"href":"https:\/\/nuklearnaperspektiva.com\/index.php\/wp-json\/wp\/v2\/media\/2476"}],"wp:attachment":[{"href":"https:\/\/nuklearnaperspektiva.com\/index.php\/wp-json\/wp\/v2\/media?parent=2799"}],"wp:term":[{"taxonomy":"category","embeddable":true,"href":"https:\/\/nuklearnaperspektiva.com\/index.php\/wp-json\/wp\/v2\/categories?post=2799"},{"taxonomy":"post_tag","embeddable":true,"href":"https:\/\/nuklearnaperspektiva.com\/index.php\/wp-json\/wp\/v2\/tags?post=2799"}],"curies":[{"name":"wp","href":"https:\/\/api.w.org\/{rel}","templated":true}]}}