{"id":2700,"date":"2026-02-03T09:22:30","date_gmt":"2026-02-03T09:22:30","guid":{"rendered":"https:\/\/nuklearnaperspektiva.com\/?p=2700"},"modified":"2026-02-03T09:22:31","modified_gmt":"2026-02-03T09:22:31","slug":"rosatom-u-uzbekistanu-pocetak-radova-na-prvoj-integrisanoj-nuklearnoj-elektrani-u-prvoj-polovini-2026","status":"publish","type":"post","link":"https:\/\/nuklearnaperspektiva.com\/index.php\/2026\/02\/03\/rosatom-u-uzbekistanu-pocetak-radova-na-prvoj-integrisanoj-nuklearnoj-elektrani-u-prvoj-polovini-2026\/","title":{"rendered":"Rosatom u Uzbekistanu: po\u010detak radova na prvoj integrisanoj nuklearnoj elektrani u prvoj polovini 2026."},"content":{"rendered":"\n<p><strong>Predsednik Uzbekistana \u0160avkat Mirzijojev i generalni direktor ruske dr\u017eavne korporacije \u201eRosatom\u201c Aleksej Liha\u010dov potvrdili su u Ta\u0161kentu da se radovi na izgradnji prve nuklearne elektrane u ovoj zemlji i prve integrisane nuklearne elektrane u svetu odvijaju prema planiranoj dinamici, javlja Rosatom\u00a0<\/strong><\/p>\n\n\n\n<figure class=\"wp-block-image size-large\"><img loading=\"lazy\" decoding=\"async\" width=\"1024\" height=\"682\" src=\"https:\/\/nuklearnaperspektiva.com\/wp-content\/uploads\/2026\/02\/9ea5fab0-1a01-40af-987a-9e43f56342eb-1024x682.jpg\" alt=\"Foto: Rosatom\" class=\"wp-image-2701\" srcset=\"https:\/\/nuklearnaperspektiva.com\/wp-content\/uploads\/2026\/02\/9ea5fab0-1a01-40af-987a-9e43f56342eb-1024x682.jpg 1024w, https:\/\/nuklearnaperspektiva.com\/wp-content\/uploads\/2026\/02\/9ea5fab0-1a01-40af-987a-9e43f56342eb-300x200.jpg 300w, https:\/\/nuklearnaperspektiva.com\/wp-content\/uploads\/2026\/02\/9ea5fab0-1a01-40af-987a-9e43f56342eb-768x512.jpg 768w, https:\/\/nuklearnaperspektiva.com\/wp-content\/uploads\/2026\/02\/9ea5fab0-1a01-40af-987a-9e43f56342eb.jpg 1280w\" sizes=\"auto, (max-width: 1024px) 100vw, 1024px\" \/><figcaption class=\"wp-element-caption\">Foto: Rosatom<\/figcaption><\/figure>\n\n\n\n<p>Ovaj projekat predstavlja prekretnicu u globalnoj nuklearnoj industriji jer predvi\u0111a izgradnju prve integrisane nuklearne elektrane na svetu, koja \u0107e na istoj lokaciji kombinovati energetske blokove velike i male snage, dakle reaktore velikog kapaciteta i male modularne reaktore (SMR).<\/p>\n\n\n\n<p>\u0160to se ti\u010de klju\u010dnih faza izgradnje navodimo da je u oktobru 2025. zapo\u010deta izrada gra\u0111evinske jame za prvi energetski blok male snage, a da se u prvoj polovini 2026 planira po\u010detak betonskih radova na temelju nuklearnog ostrva.&nbsp;<\/p>\n\n\n\n<figure class=\"wp-block-image size-large\"><img loading=\"lazy\" decoding=\"async\" width=\"1024\" height=\"691\" src=\"https:\/\/nuklearnaperspektiva.com\/wp-content\/uploads\/2026\/02\/c5c38793-8f94-4004-94f9-da39e3e58a8a-1024x691.jpg\" alt=\"Foto: Rosatom\" class=\"wp-image-2702\" srcset=\"https:\/\/nuklearnaperspektiva.com\/wp-content\/uploads\/2026\/02\/c5c38793-8f94-4004-94f9-da39e3e58a8a-1024x691.jpg 1024w, https:\/\/nuklearnaperspektiva.com\/wp-content\/uploads\/2026\/02\/c5c38793-8f94-4004-94f9-da39e3e58a8a-300x203.jpg 300w, https:\/\/nuklearnaperspektiva.com\/wp-content\/uploads\/2026\/02\/c5c38793-8f94-4004-94f9-da39e3e58a8a-768x518.jpg 768w, https:\/\/nuklearnaperspektiva.com\/wp-content\/uploads\/2026\/02\/c5c38793-8f94-4004-94f9-da39e3e58a8a.jpg 1280w\" sizes=\"auto, (max-width: 1024px) 100vw, 1024px\" \/><figcaption class=\"wp-element-caption\">Foto: Rosatom<\/figcaption><\/figure>\n\n\n\n<p>Ina\u010de, elektrana se gradi u D\u017eizakskoj oblasti, na osnovu strate\u0161kog sporazuma potpisanog 2018. i pro\u0161irenog 2024. godine: prema originalnom sporazumu, u ovoj&nbsp; elektrani je trebalo da bude postavljeno \u0161est malih modularnih reaktora RITM-200N dizajna &#8211; reaktori hla\u0111eni i moderirani lakom vodom, snage 55 megavata koji koriste uranijum oboga\u0107en na 20% i imaju ciklus zamene goriva od 6 godina &#8211; ali je ovaj dogovor revidiran pa \u0107e na ovoj lokaciji biti locirani i reaktori velikog kapaciteta VVER-1200 i pomenutu RITM-200N reaktori, \u0161to bi bio prvi primer integrisane nuklearne elektrane koji je nama poznat.&nbsp;<\/p>\n\n\n\n<p>Uzbekistan o\u010dekuje da \u0107e do 2035. godine potro\u0161nja elektri\u010dne energije u zemlji porasti za 70%. Nova elektrana bi trebalo da obezbedi do 14% ukupnih potreba dr\u017eave za strujom, \u010dime se direktno odgovara na narastaju\u0107u energetsku glad.<\/p>\n\n\n\n<p>A pored energetske stabilnosti, projekat nosi i sna\u017ean socioekonomski uticaj:na vrhuncu izgradnje o\u010dekuje se anga\u017eovanje oko 13.000 radnika a paralelno se sprovodi intenzivna obuka kadrova kroz \u0161kolovanje na univerzitetima u Rusiji i rad ogranka nuklearnog instituta MEFI u Ta\u0161kentu.&nbsp;&nbsp;<\/p>\n\n\n\n<p>Izvor: Rosatom&nbsp;<\/p>\n\n\n\n<p class=\"has-text-align-right\">S.A.<\/p>\n","protected":false},"excerpt":{"rendered":"<p>Predsednik Uzbekistana \u0160avkat Mirzijojev i generalni direktor ruske dr\u017eavne korporacije \u201eRosatom\u201c Aleksej Liha\u010dov potvrdili su u Ta\u0161kentu da se radovi<\/p>\n","protected":false},"author":4,"featured_media":2701,"comment_status":"closed","ping_status":"open","sticky":false,"template":"","format":"standard","meta":{"om_disable_all_campaigns":false,"_monsterinsights_skip_tracking":false,"_monsterinsights_sitenote_active":false,"_monsterinsights_sitenote_note":"","_monsterinsights_sitenote_category":0,"footnotes":""},"categories":[23,19],"tags":[38,136],"class_list":["post-2700","post","type-post","status-publish","format-standard","has-post-thumbnail","hentry","category-studije-slucaja","category-vesti","tag-rosatom","tag-uzbekistan"],"aioseo_notices":[],"_links":{"self":[{"href":"https:\/\/nuklearnaperspektiva.com\/index.php\/wp-json\/wp\/v2\/posts\/2700","targetHints":{"allow":["GET"]}}],"collection":[{"href":"https:\/\/nuklearnaperspektiva.com\/index.php\/wp-json\/wp\/v2\/posts"}],"about":[{"href":"https:\/\/nuklearnaperspektiva.com\/index.php\/wp-json\/wp\/v2\/types\/post"}],"author":[{"embeddable":true,"href":"https:\/\/nuklearnaperspektiva.com\/index.php\/wp-json\/wp\/v2\/users\/4"}],"replies":[{"embeddable":true,"href":"https:\/\/nuklearnaperspektiva.com\/index.php\/wp-json\/wp\/v2\/comments?post=2700"}],"version-history":[{"count":1,"href":"https:\/\/nuklearnaperspektiva.com\/index.php\/wp-json\/wp\/v2\/posts\/2700\/revisions"}],"predecessor-version":[{"id":2703,"href":"https:\/\/nuklearnaperspektiva.com\/index.php\/wp-json\/wp\/v2\/posts\/2700\/revisions\/2703"}],"wp:featuredmedia":[{"embeddable":true,"href":"https:\/\/nuklearnaperspektiva.com\/index.php\/wp-json\/wp\/v2\/media\/2701"}],"wp:attachment":[{"href":"https:\/\/nuklearnaperspektiva.com\/index.php\/wp-json\/wp\/v2\/media?parent=2700"}],"wp:term":[{"taxonomy":"category","embeddable":true,"href":"https:\/\/nuklearnaperspektiva.com\/index.php\/wp-json\/wp\/v2\/categories?post=2700"},{"taxonomy":"post_tag","embeddable":true,"href":"https:\/\/nuklearnaperspektiva.com\/index.php\/wp-json\/wp\/v2\/tags?post=2700"}],"curies":[{"name":"wp","href":"https:\/\/api.w.org\/{rel}","templated":true}]}}