{"id":2033,"date":"2025-07-18T08:09:22","date_gmt":"2025-07-18T08:09:22","guid":{"rendered":"https:\/\/nuklearnaperspektiva.com\/?p=2033"},"modified":"2025-07-18T08:09:23","modified_gmt":"2025-07-18T08:09:23","slug":"nemacka-se-ponovo-protivi-najcistijem-izvoru-energije","status":"publish","type":"post","link":"https:\/\/nuklearnaperspektiva.com\/index.php\/2025\/07\/18\/nemacka-se-ponovo-protivi-najcistijem-izvoru-energije\/","title":{"rendered":"Nema\u010dka se (ponovo) protivi naj\u010distijem izvoru energije"},"content":{"rendered":"\n<p><strong>Evropska komisija \u017eeli da otvori deo svog predlo\u017eenog bud\u017eeta EU od 2 milijarde evra za period 2028-2034. za nuklearnu energiju. Nema\u010dka plan odlu\u010dno odbija\u00a0<\/strong><\/p>\n\n\n\n<figure class=\"wp-block-image size-large\"><img loading=\"lazy\" decoding=\"async\" width=\"1024\" height=\"682\" src=\"https:\/\/nuklearnaperspektiva.com\/wp-content\/uploads\/2024\/07\/1280px-European_Commission-1024x682.jpg\" alt=\"Foto: Wikimedia\" class=\"wp-image-563\" srcset=\"https:\/\/nuklearnaperspektiva.com\/wp-content\/uploads\/2024\/07\/1280px-European_Commission-1024x682.jpg 1024w, https:\/\/nuklearnaperspektiva.com\/wp-content\/uploads\/2024\/07\/1280px-European_Commission-300x200.jpg 300w, https:\/\/nuklearnaperspektiva.com\/wp-content\/uploads\/2024\/07\/1280px-European_Commission-768x512.jpg 768w, https:\/\/nuklearnaperspektiva.com\/wp-content\/uploads\/2024\/07\/1280px-European_Commission.jpg 1280w\" sizes=\"auto, (max-width: 1024px) 100vw, 1024px\" \/><figcaption class=\"wp-element-caption\">Foto: Wikimedia<\/figcaption><\/figure>\n\n\n\n<p>U aneksu svog predloga bud\u017eeta objavljenom u sredu, Komisija je navela nuklearnu energiju kao aktivnost koju zemlje mogu finansirati kroz svoj nacionalni udeo u bud\u017eetu &#8211; ta\u010dnije, \u201enovi ili dodatni kapaciteti za fisionu energiju instalirani u gigavatima\u201c, prenosi nam Rojters. Ne\u0161to preciznije, oko 865 milijardi evra sredstava EU bilo bi dostupno u okviru ovih nacionalnih planova potro\u0161nje.<\/p>\n\n\n\n<p>Ovaj potez bi bio ogromna promena u politico EU, jer njen trenutni bud\u017eet ne finansira konvencionalne nuklearne elektrane &#8211; zbog toga \u0161to se zemlje \u010dlanice ne sla\u017eu oko budu\u0107e energetske politike. Na jednoj strani se, tako, nalaze pronuklearne \u010dlanice EU poput Francuske i \u0160vedske a sa druge su \u201cantinuklearne\u201d zemalja poput Nema\u010dke i Austrije.<\/p>\n\n\n\n<p>Pa je tako nema\u010dki ministar za \u017eivotnu sredinu Karsten \u0160najder rekao da \u201eNema\u010dka odbacuje svako subvencionisanje nuklearne energije iz bud\u017eeta EU\u201c, dodaju\u0107i da Berlin po\u0161tuje izbor drugih zemalja da grade reaktore. \u201cPo\u0161tovanje nacionalnog suvereniteta u energetskim pitanjima tako\u0111e zna\u010di da se ne zahtevaju sredstva EU za ovaj skupi put, od \u010dega \u010detvrtina dolazi od novca nema\u010dkih poreskih obveznika\u201c, rekao je \u0160najder a prenosi Rojters.&nbsp;<\/p>\n\n\n\n<p>Ali mi dodajemo da Nema\u010dka nije imala ni\u0161ta protiv da svojevremeno zahteva da se ista ta sredstva EU koriste za projekte odr\u017eive energije. I dodajemo da ovo protivljenje Nema\u010dke dolazi \u010dak i nakon \u0161to se u maju do\u0161lo do saznanja da je Berlin <a href=\"https:\/\/nuklearnaperspektiva.com\/index.php\/2025\/05\/20\/nemacka-okrece-politiku-nece-vise-blokirati-nuklearnu-energiju\/\" target=\"_blank\" rel=\"noopener\" title=\"\">signalizirao<\/a> Parizu da ne\u0107e blokirati francuske napore da se nuklearna energija tretira ravnopravno sa obnovljivim izvorima energije u zakonodavstvu EU. Pa \u010dak i nakon najava da i sam Berlin ozbiljno razmatra ponovno pokretanje uga\u0161enih nema\u010dkih reaktora, \u0161to je, uostalom, bilo i jedno od predizbornih obe\u0107anja sada\u0161njeg kancelara.\u00a0<\/p>\n\n\n\n<p>Pritim, jo\u0161 neke zemlje, uklju\u010duju\u0107i Dansku i Italiju, tako\u0111e su signalizirale promenu u svom ranijem protivljenju nuklearnoj energiji. Me\u0111utim, neki diplomate EU bele\u017ee da ovo omek\u0161avanje stavova ipak nije preraslo u stvarnu podr\u0161ku finansiranju nuklearnih projekata.<\/p>\n\n\n\n<p>Rojters dodaje i izjavu jednog neimenovanog EU diplomate koji je eksplicitno rekao: \u201enema \u0161anse da novac EU ide u nove nuklearne elektrane\u201c.&nbsp;<\/p>\n\n\n\n<p>Francusko ministarstvo energetike nije odmah odgovorilo na zahtev za komentar a i \u0161vedska ministarka energetike Eba Bu\u0161 odbila je da komentari\u0161e. Sasvim razumljivo, dodajemo mi, obzirom da se ove dve dr\u017eave decenijama ve\u0107 bore da nuklearna energija, kao ekolo\u0161ki najor\u017eivija i energetski najzgodnija bude finansirana iz sredstava EU.&nbsp;<\/p>\n\n\n\n<p>Ali, predlog bud\u017eeta Komisije ozna\u010dava samo po\u010detak vi\u0161egodi\u0161njih intenzivnih pregovora me\u0111u zemljama EU, koje sve moraju da odobre kona\u010dni bud\u017eet. A dodajemo i da trenutni bud\u017eet EU eksplicitno zabranjuje dr\u017eavama \u010dlanicama da grade nuklearne elektrane koriste\u0107i svoj deo od stotina milijardi evra u fondovima za regionalni razvoj &#8211; iako bud\u017eet nudi neka ograni\u010dena sredstva za nuklearna istra\u017eivanja i dekomisiju starih reaktora.<\/p>\n\n\n\n<p class=\"has-text-align-right\">S.A.&nbsp;<\/p>\n","protected":false},"excerpt":{"rendered":"<p>Evropska komisija \u017eeli da otvori deo svog predlo\u017eenog bud\u017eeta EU od 2 milijarde evra za period 2028-2034. za nuklearnu energiju.<\/p>\n","protected":false},"author":4,"featured_media":563,"comment_status":"closed","ping_status":"open","sticky":false,"template":"","format":"standard","meta":{"om_disable_all_campaigns":false,"_monsterinsights_skip_tracking":false,"_monsterinsights_sitenote_active":false,"_monsterinsights_sitenote_note":"","_monsterinsights_sitenote_category":0,"footnotes":""},"categories":[58,23,19],"tags":[80],"class_list":["post-2033","post","type-post","status-publish","format-standard","has-post-thumbnail","hentry","category-analize","category-studije-slucaja","category-vesti","tag-evropska-unija"],"aioseo_notices":[],"_links":{"self":[{"href":"https:\/\/nuklearnaperspektiva.com\/index.php\/wp-json\/wp\/v2\/posts\/2033","targetHints":{"allow":["GET"]}}],"collection":[{"href":"https:\/\/nuklearnaperspektiva.com\/index.php\/wp-json\/wp\/v2\/posts"}],"about":[{"href":"https:\/\/nuklearnaperspektiva.com\/index.php\/wp-json\/wp\/v2\/types\/post"}],"author":[{"embeddable":true,"href":"https:\/\/nuklearnaperspektiva.com\/index.php\/wp-json\/wp\/v2\/users\/4"}],"replies":[{"embeddable":true,"href":"https:\/\/nuklearnaperspektiva.com\/index.php\/wp-json\/wp\/v2\/comments?post=2033"}],"version-history":[{"count":1,"href":"https:\/\/nuklearnaperspektiva.com\/index.php\/wp-json\/wp\/v2\/posts\/2033\/revisions"}],"predecessor-version":[{"id":2034,"href":"https:\/\/nuklearnaperspektiva.com\/index.php\/wp-json\/wp\/v2\/posts\/2033\/revisions\/2034"}],"wp:featuredmedia":[{"embeddable":true,"href":"https:\/\/nuklearnaperspektiva.com\/index.php\/wp-json\/wp\/v2\/media\/563"}],"wp:attachment":[{"href":"https:\/\/nuklearnaperspektiva.com\/index.php\/wp-json\/wp\/v2\/media?parent=2033"}],"wp:term":[{"taxonomy":"category","embeddable":true,"href":"https:\/\/nuklearnaperspektiva.com\/index.php\/wp-json\/wp\/v2\/categories?post=2033"},{"taxonomy":"post_tag","embeddable":true,"href":"https:\/\/nuklearnaperspektiva.com\/index.php\/wp-json\/wp\/v2\/tags?post=2033"}],"curies":[{"name":"wp","href":"https:\/\/api.w.org\/{rel}","templated":true}]}}