{"id":2017,"date":"2025-07-14T09:39:44","date_gmt":"2025-07-14T09:39:44","guid":{"rendered":"https:\/\/nuklearnaperspektiva.com\/?p=2017"},"modified":"2025-07-14T09:39:45","modified_gmt":"2025-07-14T09:39:45","slug":"sta-ce-biti-sa-evropskim-zelenim-planom-kada-je-desnica-na-kljucnim-pozicijama","status":"publish","type":"post","link":"https:\/\/nuklearnaperspektiva.com\/index.php\/2025\/07\/14\/sta-ce-biti-sa-evropskim-zelenim-planom-kada-je-desnica-na-kljucnim-pozicijama\/","title":{"rendered":"\u0160ta \u0107e biti sa evropskim zelenim Planom kada je desnica na klju\u010dnim pozicijama"},"content":{"rendered":"\n<p><strong>Krajnje desni\u010darski blok u Evropskom parlamentu, Patrioti za Evropu, korak su bli\u017ee osuje\u0107ivanju jedne od najva\u017enijih strate\u0161kih politika EU, takozvanog Zelenog plana, pi\u0161e Euronews\u00a0<\/strong><\/p>\n\n\n\n<figure class=\"wp-block-image size-large\"><img loading=\"lazy\" decoding=\"async\" width=\"1024\" height=\"682\" src=\"https:\/\/nuklearnaperspektiva.com\/wp-content\/uploads\/2024\/07\/1280px-European_Commission-1024x682.jpg\" alt=\"Foto: Wikimedia\" class=\"wp-image-563\" srcset=\"https:\/\/nuklearnaperspektiva.com\/wp-content\/uploads\/2024\/07\/1280px-European_Commission-1024x682.jpg 1024w, https:\/\/nuklearnaperspektiva.com\/wp-content\/uploads\/2024\/07\/1280px-European_Commission-300x200.jpg 300w, https:\/\/nuklearnaperspektiva.com\/wp-content\/uploads\/2024\/07\/1280px-European_Commission-768x512.jpg 768w, https:\/\/nuklearnaperspektiva.com\/wp-content\/uploads\/2024\/07\/1280px-European_Commission.jpg 1280w\" sizes=\"auto, (max-width: 1024px) 100vw, 1024px\" \/><figcaption class=\"wp-element-caption\">Foto: Wikimedia<\/figcaption><\/figure>\n\n\n\n<p>Krajnje desni\u010darska grupa Patriote za Evropu vodic\u0301e pregovore o novom klimatskom cilju EU, rekli su poslanici Evropskog parlamenta i parlamentarni zvani\u010dnici za Euronews. <\/p>\n\n\n\n<p>Isti portal, tako, pi\u0161e da su klju\u010dni poslanici iz grupe Patrioti za Evropu (PZE) i koja se smatra evroskepti\u010dnom, rekli za Evronjuz da \u0107e poku\u0161ati da iskoriste nova ovla\u0161\u0107enja nad klju\u010dnim klimatskim dosijeom, \u0161to je potvr\u0111eno u Evropskom parlamentu u sredu, kako bi osujetili klimatsku politiku EU. A Patriote za Evropu su trenutno trec\u0301a najvec\u0301a grupa u Evropskom parlamentu i imaju 11 punopravnih \u010dlanova u odboru ENVI, uklju\u010dujuc\u0301i i one iz francuskog Nacionalnog okupljanja i italijanske stranke Lega.<\/p>\n\n\n\n<p>U utorak je potvr\u0111eno da \u0107e grupa PZE voditi pregovore o novom klimatskom cilju EU koji podrazumeva da se do 2040. godine za 90% smanji emisija gasova staklene ba\u0161te u odnosu na nivoe iz 1990. A to \u0107e poku\u0161ati tako \u0161to \u0107e preuzeti klju\u010dnu ulogu izvestioca u Parlamentu za taj dosije za jednog od svojih poslanika grupe u Evropskom parlamentu.<\/p>\n\n\n\n<p>Eureonews tako\u0111e tvrdi da je u sredu propao poku\u0161aj da se ova ovla\u0161\u0107enja razvodne proguravanjem dosijea kroz hitnu proceduru koja bi omogu\u0107ila njegovo usvajanje \u201ebez izve\u0161taja ili na osnovu usmenog izve\u0161taja nadle\u017enog odbora\u201c &#8211; tada je 379 poslanika u Evropskom parlamentu glasalo protiv.<\/p>\n\n\n\n<p>Glasanje u sredu potvrdilo je da \u0107e tre\u0107a najve\u0107a grupa u Parlamentu, koja se sistematski protivila klimatskim politikama EU, sada biti zadu\u017eena da izradi izve\u0161taj i preporu\u010di politi\u010dki stav koji \u0107e biti prilo\u017een dosijeu.<\/p>\n\n\n\n<p>Jo\u0161 uvek nije jasno koji \u0107e poslanik Evropskog parlamenta iz PZE dobiti ulogu izvestioca u Odboru za \u017eivotnu sredinu, koji \u0107e nadgledati zakonodavni rad, ali zvani\u010dnici su nagovestili da bi to mogao biti poslanik iz francuskog Nacionalnog fronta, koje ima veliki kontingent poslanika.<\/p>\n\n\n\n<p>Predlog Komisije iz 2024. godine ima za cilj da potvrdi \u201eodlu\u010dnost bloka da se bori protiv klimatskih promena\u201c, prema veb stranici Komisije, i da \u201eoblikuje put\u201c ka klimatskoj neutralnosti, cilju koji je u sr\u017ei Zelenog plana EU.<\/p>\n\n\n\n<p>Ali krajnje desni\u010darske stranke su se o\u0161tro usprotivile onome \u0161to vide kao fanatizam bloka u vezi sa klimatskim promenama i \u017eele da poni\u0161te nedavna pravila o za\u0161titi \u017eivotne sredine. Vo\u0111a Nacionalnog okupljanja D\u017eordan Bardela pozvao je na hitnu suspenziju Zelenog plana EU jo\u0161 pre nekoliko meseci.<\/p>\n\n\n\n<p>Izvor: Euronews\u00a0<\/p>\n\n\n\n<p class=\"has-text-align-right\">S.A.&nbsp;<\/p>\n","protected":false},"excerpt":{"rendered":"<p>Krajnje desni\u010darski blok u Evropskom parlamentu, Patrioti za Evropu, korak su bli\u017ee osuje\u0107ivanju jedne od najva\u017enijih strate\u0161kih politika EU, takozvanog<\/p>\n","protected":false},"author":4,"featured_media":563,"comment_status":"closed","ping_status":"open","sticky":false,"template":"","format":"standard","meta":{"om_disable_all_campaigns":false,"_monsterinsights_skip_tracking":false,"_monsterinsights_sitenote_active":false,"_monsterinsights_sitenote_note":"","_monsterinsights_sitenote_category":0,"footnotes":""},"categories":[21,19],"tags":[80],"class_list":["post-2017","post","type-post","status-publish","format-standard","has-post-thumbnail","hentry","category-ekologija","category-vesti","tag-evropska-unija"],"aioseo_notices":[],"_links":{"self":[{"href":"https:\/\/nuklearnaperspektiva.com\/index.php\/wp-json\/wp\/v2\/posts\/2017","targetHints":{"allow":["GET"]}}],"collection":[{"href":"https:\/\/nuklearnaperspektiva.com\/index.php\/wp-json\/wp\/v2\/posts"}],"about":[{"href":"https:\/\/nuklearnaperspektiva.com\/index.php\/wp-json\/wp\/v2\/types\/post"}],"author":[{"embeddable":true,"href":"https:\/\/nuklearnaperspektiva.com\/index.php\/wp-json\/wp\/v2\/users\/4"}],"replies":[{"embeddable":true,"href":"https:\/\/nuklearnaperspektiva.com\/index.php\/wp-json\/wp\/v2\/comments?post=2017"}],"version-history":[{"count":1,"href":"https:\/\/nuklearnaperspektiva.com\/index.php\/wp-json\/wp\/v2\/posts\/2017\/revisions"}],"predecessor-version":[{"id":2018,"href":"https:\/\/nuklearnaperspektiva.com\/index.php\/wp-json\/wp\/v2\/posts\/2017\/revisions\/2018"}],"wp:featuredmedia":[{"embeddable":true,"href":"https:\/\/nuklearnaperspektiva.com\/index.php\/wp-json\/wp\/v2\/media\/563"}],"wp:attachment":[{"href":"https:\/\/nuklearnaperspektiva.com\/index.php\/wp-json\/wp\/v2\/media?parent=2017"}],"wp:term":[{"taxonomy":"category","embeddable":true,"href":"https:\/\/nuklearnaperspektiva.com\/index.php\/wp-json\/wp\/v2\/categories?post=2017"},{"taxonomy":"post_tag","embeddable":true,"href":"https:\/\/nuklearnaperspektiva.com\/index.php\/wp-json\/wp\/v2\/tags?post=2017"}],"curies":[{"name":"wp","href":"https:\/\/api.w.org\/{rel}","templated":true}]}}