{"id":1966,"date":"2025-07-01T08:01:37","date_gmt":"2025-07-01T08:01:37","guid":{"rendered":"https:\/\/nuklearnaperspektiva.com\/?p=1966"},"modified":"2025-07-01T08:01:37","modified_gmt":"2025-07-01T08:01:37","slug":"istekao-rok-za-zavrsetak-preliminarne-studije-o-izvodljivosti","status":"publish","type":"post","link":"https:\/\/nuklearnaperspektiva.com\/index.php\/2025\/07\/01\/istekao-rok-za-zavrsetak-preliminarne-studije-o-izvodljivosti\/","title":{"rendered":"Istekao rok za zavr\u0161etak preliminarne studije o izvodljivosti\u00a0"},"content":{"rendered":"\n<p><strong>Danas je istekao rok za zavr\u0161etak preliminarne studije o izvodljivosti koja razmatraju mogu\u0107nosti primene nuklearne energije u Srbiji<\/strong><\/p>\n\n\n\n<p>Koliko smo uspeli da na\u0111emo, te studije nema na sajtu ministarstva rudarstva i energetike niti je neki od medija izvestio o njoj. Podse\u0107amo da je ministarka rudarstva i energetike Dubravka \u0110edovi\u0107 Handanovi\u0107 jo\u0161 u maju <a href=\"https:\/\/www.rts.rs\/lat\/vesti\/ekonomija\/5709847\/djedovic-handanovic-razmatramo-nuklearnu-energiju-kao-opciju-preliminarna-studija-ne-predstavlja-konacnu-odluku.html\">najavila<\/a> zavr\u0161etak studije \u201cdo kraja drugog kvartala\u201d \u0161to je tehni\u010dki, danas.&nbsp;<\/p>\n\n\n\n<p>Studiju izvode kompanije EDF i kompanija E\u017eis, o \u010demu je u na\u0161im medijima i ranije <a href=\"https:\/\/nuklearnaperspektiva.com\/index.php\/2025\/03\/12\/radioaktivni-nadzor\/\">pisano<\/a>.&nbsp;<\/p>\n\n\n\n<p>U redu, nekoliko dana zaka\u0161njenja jedne kompleksne studije &#8211; nije mo\u017eda samo po sebi previ\u0161e zabrinjavaju\u0107e. Tako\u0111e u pitanju je samo \u201cpreliminarna\u201d studija te ne treba ni o\u010dekivati da u pitanju bude dokument koji \u0107e definitivno \u201czakucati\u201d ovaj eventualni projekat.&nbsp;<\/p>\n\n\n\n<p>Me\u0111utim valja imati u vidu da su ovakvi dokumenti na koje \u0107emo se mi strate\u0161ki oslanjati veoma osetljiva stvar i da svako ovakvo ka\u0161njenje &#8211; iako je minimalno &#8211; potkopava ionako minimalno nepoverenje javnosti.&nbsp;<\/p>\n\n\n\n<p>Nadamo se da \u0107e studija vrlo brzo biti zavr\u0161ena i objavljena kako bismo je temeljno analizirali.&nbsp;<\/p>\n\n\n\n<p class=\"has-text-align-right\">S.A.&nbsp;<\/p>\n","protected":false},"excerpt":{"rendered":"<p>Danas je istekao rok za zavr\u0161etak preliminarne studije o izvodljivosti koja razmatraju mogu\u0107nosti primene nuklearne energije u Srbiji Koliko smo<\/p>\n","protected":false},"author":4,"featured_media":0,"comment_status":"closed","ping_status":"open","sticky":false,"template":"","format":"standard","meta":{"om_disable_all_campaigns":false,"_monsterinsights_skip_tracking":false,"_monsterinsights_sitenote_active":false,"_monsterinsights_sitenote_note":"","_monsterinsights_sitenote_category":0,"footnotes":""},"categories":[19],"tags":[46],"class_list":["post-1966","post","type-post","status-publish","format-standard","hentry","category-vesti","tag-srbija"],"aioseo_notices":[],"_links":{"self":[{"href":"https:\/\/nuklearnaperspektiva.com\/index.php\/wp-json\/wp\/v2\/posts\/1966","targetHints":{"allow":["GET"]}}],"collection":[{"href":"https:\/\/nuklearnaperspektiva.com\/index.php\/wp-json\/wp\/v2\/posts"}],"about":[{"href":"https:\/\/nuklearnaperspektiva.com\/index.php\/wp-json\/wp\/v2\/types\/post"}],"author":[{"embeddable":true,"href":"https:\/\/nuklearnaperspektiva.com\/index.php\/wp-json\/wp\/v2\/users\/4"}],"replies":[{"embeddable":true,"href":"https:\/\/nuklearnaperspektiva.com\/index.php\/wp-json\/wp\/v2\/comments?post=1966"}],"version-history":[{"count":1,"href":"https:\/\/nuklearnaperspektiva.com\/index.php\/wp-json\/wp\/v2\/posts\/1966\/revisions"}],"predecessor-version":[{"id":1967,"href":"https:\/\/nuklearnaperspektiva.com\/index.php\/wp-json\/wp\/v2\/posts\/1966\/revisions\/1967"}],"wp:attachment":[{"href":"https:\/\/nuklearnaperspektiva.com\/index.php\/wp-json\/wp\/v2\/media?parent=1966"}],"wp:term":[{"taxonomy":"category","embeddable":true,"href":"https:\/\/nuklearnaperspektiva.com\/index.php\/wp-json\/wp\/v2\/categories?post=1966"},{"taxonomy":"post_tag","embeddable":true,"href":"https:\/\/nuklearnaperspektiva.com\/index.php\/wp-json\/wp\/v2\/tags?post=1966"}],"curies":[{"name":"wp","href":"https:\/\/api.w.org\/{rel}","templated":true}]}}