{"id":1280,"date":"2024-12-24T08:36:59","date_gmt":"2024-12-24T08:36:59","guid":{"rendered":"https:\/\/nuklearnaperspektiva.com\/?p=1280"},"modified":"2024-12-24T08:36:59","modified_gmt":"2024-12-24T08:36:59","slug":"konacna-dekomisija-poslednje-nemacke-nuklearne-elektrane","status":"publish","type":"post","link":"https:\/\/nuklearnaperspektiva.com\/index.php\/2024\/12\/24\/konacna-dekomisija-poslednje-nemacke-nuklearne-elektrane\/","title":{"rendered":"Kona\u010dna dekomisija poslednje nema\u010dke nuklearne elektrane"},"content":{"rendered":"\n<p><strong>Po\u010dinje dekomisija elektrane Brokdorf u severnoj Nema\u010dkoj. Brokdorf je jedna od poslednjih operativnih nuklearnih elektrana, zatvorena pre tri godine\u00a0<\/strong><\/p>\n\n\n\n<figure class=\"wp-block-image size-full\"><img loading=\"lazy\" decoding=\"async\" width=\"1024\" height=\"626\" src=\"https:\/\/nuklearnaperspektiva.com\/wp-content\/uploads\/2024\/12\/Kernkraftwerk_Brokdorf_2006_cropped.jpg\" alt=\"Brokdorf NE. Foto: Wikimedia\" class=\"wp-image-1281\" srcset=\"https:\/\/nuklearnaperspektiva.com\/wp-content\/uploads\/2024\/12\/Kernkraftwerk_Brokdorf_2006_cropped.jpg 1024w, https:\/\/nuklearnaperspektiva.com\/wp-content\/uploads\/2024\/12\/Kernkraftwerk_Brokdorf_2006_cropped-300x183.jpg 300w, https:\/\/nuklearnaperspektiva.com\/wp-content\/uploads\/2024\/12\/Kernkraftwerk_Brokdorf_2006_cropped-768x470.jpg 768w\" sizes=\"auto, (max-width: 1024px) 100vw, 1024px\" \/><figcaption class=\"wp-element-caption\">Brokdorf NE. Foto: Wikimedia<\/figcaption><\/figure>\n\n\n\n<p>Dekomisijom \u0107e rukovoditi kompanija PrussenElektra i rastavljanje \u0107e se obaviti u dva koraka. U prvom \u0107e biti rastavljen sistem za hitno hla\u0111enje dok \u0107e u drugom biti rastavljeni biolo\u0161ki \u0161tit i reaktorska posuda.&nbsp;<\/p>\n\n\n\n<p>Ina\u010de, nuklearna elektrana Brokdorf je u rad pu\u0161tena 1986 godine nakon desetogodi\u0161nje izgradnje. Reaktor je bio Simensovog dizajna &#8211; koji se u to vreme smatrao najnaprednijim dizajnom u svetu &#8211; snage 1440 megavata, hla\u0111en i moderiran lakom vodom pod pritiskom, koji je mogao da tro\u0161i i takozvano MOX gorivo. 2005 godine, ovaj rektor je bio najve\u0107i svetski pojedina\u010dni proizvo\u0111a\u010d elektri\u010dne energije sa nevarovatnih 12 milijardi kilovat\u010dasova proizvedene energije. No, Brokdorf je poznat i po jo\u0161 jednoj stvari: upravo oko izgradnje ove elektrane su pokrenuti neki od prvih protesta nema\u010dkog antinuklearnog pokreta &#8211; i upravo je zbog njih izgradnja elektrane svojevremeno kasnila &#8211; koji je danas mo\u017eda strukturnno i najja\u010di u svetu.\u00a0<\/p>\n\n\n\n<p>Najja\u010di u svetu, ali po cenu pouzdanosti elektroenergetskog sistema. Nema\u010dka je svoje poslednje operativne nuklearne elektrane ugasila 2023. i oslonila se u potpunosti na obnovljive izvore energije ali je to uzrokovalo veoma nestabilno snabdevanje. Tako smo nedavno izve\u0161tavali o tome da je u poslednjih nekoliko nedelja u Nema\u010dkoj ali i ostalim delovima Evrope zabele\u017een strahovit skok elekttri\u010dne energije zbog toga \u0161to su potrebe Nema\u010dke ostale fiksne, a proizvodnja iz obnovljivih izvora je bila gotovo ravna nuli. A bez kapaciteta za proizvodnju elektri\u010dne energije nezavisnih od vremenskih uslova, Nema\u010dka je morala da kupuje elektri\u010dnu energiju na zajedni\u010dkom tr\u017ei\u0161tu \u0161to je uticalo na strahovit porast cene energije i u Nema\u010dkoj i u ostatku evrope. Pa je tako u nekim delovima \u0160vedske struja poskupela za \u010dak 1800%.&nbsp;<\/p>\n\n\n\n<p>Ali nakon \u0161to ceo proces bude zavr\u0161en &#8211; lokacija \u0107e biti izdata i tu \u0107e biti napravljeno baterijsko skladi\u0161te za elektri\u010dnu energiju koje \u0107e amortizovati nepredvidivost glavnih oblika obnovljivih izvora elektri\u010dne energije &#8211; vetra i solarnih izvora. To skladi\u0161te \u0107e &#8211; kada bude izgra\u0111eno &#8211; biti najve\u0107e baterijsko skladi\u0161te u evropskoj uniji, kapaciteta 1600 megavat\u010dasova. Dakle, ako nam je ra\u010dunica ta\u010dna, kapacitet ovog budu\u0107eg najve\u0107eg baterijskog skladi\u0161ta \u0107e biti ne\u0161to malo vi\u0161e od jednosatne proizvodnje nuklearne elektrane Berghof. Eto &#8211; i zbog toga: nuklearna energija je budu\u0107nost.&nbsp;<\/p>\n\n\n\n<p class=\"has-text-align-right\">S.A.<\/p>\n","protected":false},"excerpt":{"rendered":"<p>Po\u010dinje dekomisija elektrane Brokdorf u severnoj Nema\u010dkoj. Brokdorf je jedna od poslednjih operativnih nuklearnih elektrana, zatvorena pre tri godine\u00a0 Dekomisijom<\/p>\n","protected":false},"author":4,"featured_media":1281,"comment_status":"closed","ping_status":"open","sticky":false,"template":"","format":"standard","meta":{"om_disable_all_campaigns":false,"_monsterinsights_skip_tracking":false,"_monsterinsights_sitenote_active":false,"_monsterinsights_sitenote_note":"","_monsterinsights_sitenote_category":0,"footnotes":""},"categories":[23,19],"tags":[36],"class_list":["post-1280","post","type-post","status-publish","format-standard","has-post-thumbnail","hentry","category-studije-slucaja","category-vesti","tag-nemacka"],"aioseo_notices":[],"_links":{"self":[{"href":"https:\/\/nuklearnaperspektiva.com\/index.php\/wp-json\/wp\/v2\/posts\/1280","targetHints":{"allow":["GET"]}}],"collection":[{"href":"https:\/\/nuklearnaperspektiva.com\/index.php\/wp-json\/wp\/v2\/posts"}],"about":[{"href":"https:\/\/nuklearnaperspektiva.com\/index.php\/wp-json\/wp\/v2\/types\/post"}],"author":[{"embeddable":true,"href":"https:\/\/nuklearnaperspektiva.com\/index.php\/wp-json\/wp\/v2\/users\/4"}],"replies":[{"embeddable":true,"href":"https:\/\/nuklearnaperspektiva.com\/index.php\/wp-json\/wp\/v2\/comments?post=1280"}],"version-history":[{"count":1,"href":"https:\/\/nuklearnaperspektiva.com\/index.php\/wp-json\/wp\/v2\/posts\/1280\/revisions"}],"predecessor-version":[{"id":1282,"href":"https:\/\/nuklearnaperspektiva.com\/index.php\/wp-json\/wp\/v2\/posts\/1280\/revisions\/1282"}],"wp:featuredmedia":[{"embeddable":true,"href":"https:\/\/nuklearnaperspektiva.com\/index.php\/wp-json\/wp\/v2\/media\/1281"}],"wp:attachment":[{"href":"https:\/\/nuklearnaperspektiva.com\/index.php\/wp-json\/wp\/v2\/media?parent=1280"}],"wp:term":[{"taxonomy":"category","embeddable":true,"href":"https:\/\/nuklearnaperspektiva.com\/index.php\/wp-json\/wp\/v2\/categories?post=1280"},{"taxonomy":"post_tag","embeddable":true,"href":"https:\/\/nuklearnaperspektiva.com\/index.php\/wp-json\/wp\/v2\/tags?post=1280"}],"curies":[{"name":"wp","href":"https:\/\/api.w.org\/{rel}","templated":true}]}}