{"id":1277,"date":"2024-12-24T08:31:57","date_gmt":"2024-12-24T08:31:57","guid":{"rendered":"https:\/\/nuklearnaperspektiva.com\/?p=1277"},"modified":"2024-12-24T08:52:20","modified_gmt":"2024-12-24T08:52:20","slug":"francuska-zahteva-tehnoloski-neutralni-pristup-u-dekarbonizaciji-evropske-unije","status":"publish","type":"post","link":"https:\/\/nuklearnaperspektiva.com\/index.php\/2024\/12\/24\/francuska-zahteva-tehnoloski-neutralni-pristup-u-dekarbonizaciji-evropske-unije\/","title":{"rendered":"Francuska zahteva \u201ctehnolo\u0161ki neutralni\u201d pristup u dekarbonizaciji evropske unije\u00a0"},"content":{"rendered":"\n<p><strong>Francuska insistira da se budu\u0107a evropska regulativa o odr\u017eivoj energetici zasniva na karbonskoj neutralnosti a ne na obnovljivosti izvora energije, \u010dime bi se otvorio put ka \u0161irem uklju\u010divanju nuklearne energije u evropski energetski miks, pi\u0161e Euronews<\/strong><\/p>\n\n\n\n<figure class=\"wp-block-image size-full\"><img loading=\"lazy\" decoding=\"async\" width=\"919\" height=\"768\" src=\"https:\/\/nuklearnaperspektiva.com\/wp-content\/uploads\/2024\/12\/French_Flag_5089610330.jpg\" alt=\"Foto: Wikimedia\" class=\"wp-image-1278\" srcset=\"https:\/\/nuklearnaperspektiva.com\/wp-content\/uploads\/2024\/12\/French_Flag_5089610330.jpg 919w, https:\/\/nuklearnaperspektiva.com\/wp-content\/uploads\/2024\/12\/French_Flag_5089610330-300x251.jpg 300w, https:\/\/nuklearnaperspektiva.com\/wp-content\/uploads\/2024\/12\/French_Flag_5089610330-768x642.jpg 768w\" sizes=\"auto, (max-width: 919px) 100vw, 919px\" \/><figcaption class=\"wp-element-caption\">PENTAX DIGITAL CAMERA<\/figcaption><\/figure>\n\n\n\n<p>U okviru evropske debate o budu\u0107oj energetici, koja je ve\u0107 sada po\u010dela da se bavi regulativom koja bi trebalo da zameni sada aktuelnu direktivu o obnovljivoj energiji, ozbiljne debate ve\u0107 po\u010dinju. Francuska, o\u010dekivano, insistira na tome da budu\u0107i okvir EU bude tehnolo\u0161ki neutralan.&nbsp;<\/p>\n\n\n\n<p>Zakon EU koji je od 2009. bio od klju\u010dnog zna\u010daja za podsticanje upotrebe energije vetra i sunca od 2009. godine, trebalo bi da bude zamenjen onim koji priznaje nuklearnu energiju kao klju\u010dni oblik \u010diste energije, rekla je pro\u0161log ponedeljka francuska ministarka za ekolo\u0161ku tranziciju Agnes Pannier-Runacher na raspravi o budu\u0107oj energetskoj strategiji bloka.<\/p>\n\n\n\n<p>\u201eFrancuska podsti\u010de Evropsku komisiju da uspostavi jasan put kako bi na adekvatan na\u010din odrazila ulogu nuklearne energije u svim svojim komunikacijama i zakonskim predlozima\u201c, rekla je ona.&nbsp;<\/p>\n\n\n\n<p>Ina\u010de, Francuska ve\u0107 decenijama insistira na tome da je nuklearna energija neizbe\u017ena ukoliko je cilj evropske unije dostizanje karbonske neutralnosti dok se sa druge strane nalazi Nema\u010dka koja i dalje insistira da su samo obnovljivi izvori prihvatljivi. Oko ove dve dr\u017eave su se formirala i dva bloka zemalja i utisak je da nuklearni blok ja\u010da kako vreme prolazi.&nbsp;<\/p>\n\n\n\n<p>Tako je istoj toj debati irski ministar za \u017eivotnu sredinu rekao da \u0107e nuklearna energija sigurno ostati deo evropskog energetskog miksa i u isto vreme pozvao da se iskora\u010di onkraj rasprave o obnovljivim ili nuklearnim izvorima te upozorio da bi dalje insistiranje na ovoj razlici uzrokovalo da zemlje unutar EU po\u010dnu da vode energetske politike nezavisno jedna od druge &#8211; \u0161to bi bilo najgore re\u0161enje.&nbsp;<\/p>\n\n\n\n<p>Ina\u010de, evropska regulativa predvi\u0111a dostizanje takozvane neto nule do 2050 i me\u0111uciljeve do 2030 i 2040, koji se gotovo sigurno ne\u0107e dosti\u0107i.&nbsp;<\/p>\n\n\n\n<p class=\"has-text-align-right\">S.A.&nbsp;<\/p>\n","protected":false},"excerpt":{"rendered":"<p>Francuska insistira da se budu\u0107a evropska regulativa o odr\u017eivoj energetici zasniva na karbonskoj neutralnosti a ne na obnovljivosti izvora energije,<\/p>\n","protected":false},"author":4,"featured_media":1278,"comment_status":"closed","ping_status":"open","sticky":false,"template":"","format":"standard","meta":{"om_disable_all_campaigns":false,"_monsterinsights_skip_tracking":false,"_monsterinsights_sitenote_active":false,"_monsterinsights_sitenote_note":"","_monsterinsights_sitenote_category":0,"footnotes":""},"categories":[19],"tags":[80],"class_list":["post-1277","post","type-post","status-publish","format-standard","has-post-thumbnail","hentry","category-vesti","tag-evropska-unija"],"aioseo_notices":[],"_links":{"self":[{"href":"https:\/\/nuklearnaperspektiva.com\/index.php\/wp-json\/wp\/v2\/posts\/1277","targetHints":{"allow":["GET"]}}],"collection":[{"href":"https:\/\/nuklearnaperspektiva.com\/index.php\/wp-json\/wp\/v2\/posts"}],"about":[{"href":"https:\/\/nuklearnaperspektiva.com\/index.php\/wp-json\/wp\/v2\/types\/post"}],"author":[{"embeddable":true,"href":"https:\/\/nuklearnaperspektiva.com\/index.php\/wp-json\/wp\/v2\/users\/4"}],"replies":[{"embeddable":true,"href":"https:\/\/nuklearnaperspektiva.com\/index.php\/wp-json\/wp\/v2\/comments?post=1277"}],"version-history":[{"count":2,"href":"https:\/\/nuklearnaperspektiva.com\/index.php\/wp-json\/wp\/v2\/posts\/1277\/revisions"}],"predecessor-version":[{"id":1286,"href":"https:\/\/nuklearnaperspektiva.com\/index.php\/wp-json\/wp\/v2\/posts\/1277\/revisions\/1286"}],"wp:featuredmedia":[{"embeddable":true,"href":"https:\/\/nuklearnaperspektiva.com\/index.php\/wp-json\/wp\/v2\/media\/1278"}],"wp:attachment":[{"href":"https:\/\/nuklearnaperspektiva.com\/index.php\/wp-json\/wp\/v2\/media?parent=1277"}],"wp:term":[{"taxonomy":"category","embeddable":true,"href":"https:\/\/nuklearnaperspektiva.com\/index.php\/wp-json\/wp\/v2\/categories?post=1277"},{"taxonomy":"post_tag","embeddable":true,"href":"https:\/\/nuklearnaperspektiva.com\/index.php\/wp-json\/wp\/v2\/tags?post=1277"}],"curies":[{"name":"wp","href":"https:\/\/api.w.org\/{rel}","templated":true}]}}