{"id":1009,"date":"2024-10-18T06:57:37","date_gmt":"2024-10-18T06:57:37","guid":{"rendered":"https:\/\/nuklearnaperspektiva.com\/?p=1009"},"modified":"2024-10-18T06:57:38","modified_gmt":"2024-10-18T06:57:38","slug":"u-susret-slovenackom-referendumu-institut-jozef-stefan","status":"publish","type":"post","link":"https:\/\/nuklearnaperspektiva.com\/index.php\/2024\/10\/18\/u-susret-slovenackom-referendumu-institut-jozef-stefan\/","title":{"rendered":"U susret slovena\u010dkom referendumu: Institut Jo\u017eef Stefan"},"content":{"rendered":"\n<p><strong>Slovena\u010dki institut Jo\u017eef Stefan (IJS) isti\u010de prednost nuklearne energije i izra\u017eava \u017eelju za aktivnijom ulogom struke u diskusijama o nuklearnoj energiji prenosi slovena\u010dki portal \u201cZnanost\u201d<\/strong><\/p>\n\n\n\n<figure class=\"wp-block-image size-large\"><img loading=\"lazy\" decoding=\"async\" width=\"1024\" height=\"682\" src=\"https:\/\/nuklearnaperspektiva.com\/wp-content\/uploads\/2024\/07\/1280px-Nuklearna_elektrarna_Krsko-1024x682.jpg\" alt=\"Nuklearna elektrana Kr\u0161ko. Foto: Wikimedia\" class=\"wp-image-512\" srcset=\"https:\/\/nuklearnaperspektiva.com\/wp-content\/uploads\/2024\/07\/1280px-Nuklearna_elektrarna_Krsko-1024x682.jpg 1024w, https:\/\/nuklearnaperspektiva.com\/wp-content\/uploads\/2024\/07\/1280px-Nuklearna_elektrarna_Krsko-300x200.jpg 300w, https:\/\/nuklearnaperspektiva.com\/wp-content\/uploads\/2024\/07\/1280px-Nuklearna_elektrarna_Krsko-768x512.jpg 768w, https:\/\/nuklearnaperspektiva.com\/wp-content\/uploads\/2024\/07\/1280px-Nuklearna_elektrarna_Krsko.jpg 1280w\" sizes=\"auto, (max-width: 1024px) 100vw, 1024px\" \/><figcaption class=\"wp-element-caption\">Nuklearna elektrana Kr\u0161ko. Foto: Wikimedia<\/figcaption><\/figure>\n\n\n\n<p>Povodom budu\u0107eg referenduma koji \u0107e se u Sloveniji odr\u017eati oko pitanja projekta druge reaktorske jedinice u Kr\u0161kom (JEK2) institut je istakao prednosti nuklearne energije za snabdevanje Slovenije energijom: \u201cnuklearna energija je odli\u010dno re\u0161enje za rastu\u0107e energetske potrebe Slovenije\u201c, uvereni su u institutu. Po mi\u0161ljenju osoblja instituta, potrebna je i nova nuklearna elektrana za efikasnu elektroenergetsku tranziciju i najavljenu transformaciju i dekarbonizaciju.<\/p>\n\n\n\n<p>Prema re\u010dima Luke Snoja, koji rukovodi eksperimentalnim reaktorom Triga u IJS u Podgorici kod Ljubljane gde se \u0161koluju doma\u0107i i strani stru\u010dnjaci, projekat JEK2 je jedan od najzahtevnijih projekata u istoriji Slovenije, pa bi svi nuklearni i drugi stru\u010dnjaci trebalo da budu anga\u017eovani. \u201eRealizacija ovako velikog i dugoro\u010dnog projekta bez stru\u010dne podr\u0161ke Instituta \u201eJo\u017eef Stefan\u201d i Fakulteta za matematiku i fiziku Univerziteta u Ljubljani bila bi neodgovorna. \u010cove\u010danstvo do\u017eivljava ogromne dru\u0161tvene, demografske i tehnolo\u0161ke promene i jedini na\u010din da se prilagodi ovim promenama je kontinuirano istra\u017eivanje i razvoj\u201c, precizirao je on.<\/p>\n\n\n\n<p>A Leon Cizelj, vode\u0107i stru\u010dnjak instituta i \u0161ef reaktorske sekcije u saop\u0161tenju za javnost je napisao da &#8220;nuklearne elektrane obezbe\u0111uju veoma stabilno snabdevanje elektri\u010dnom energijom, jer rade u svim vremenskim uslovima i treba im samo kamion ili dva goriva godi\u0161nje. One stoga donose stabilnost i predvidljivost, \u010dak i u pogledu cene, prakti\u010dno \u010ditav vek&#8221;.&nbsp;<\/p>\n\n\n\n<p>U IJS-u su uvereni da i referendumsko pitanje kao i oblast nuklearne energije uop\u0161te nedvosmisleno spadaju u njihovo polje delovanja, pa stoga \u017eele da se aktivnije uklju\u010de u rasprave jer ocenjuju da stru\u010dna javnost, Institut i ljubljanski Fakulteta za matematiku i fiziku nisu u dovoljnoj meri uklju\u010deni u raspravu.&nbsp;<\/p>\n\n\n\n<p>Ali u isto vreme, IJS upozorava da \u010dak ni pozitivan ishod Referenduma 2 ne garantuje implementaciju projekta JEK2, ali daje va\u017ean signal da se pripreme za projekat mogu nastaviti, ali da zna\u010di ohrabrenje i posve\u0107enost svih zainteresovanih strana te predstavlja pozitivan signal za budu\u0107e studente da je va\u017eno prou\u010davati oblasti relevantne za izgradnju nove nuklearne elektrane.<\/p>\n\n\n\n<p>Ina\u010de, institut od kraja septembra organizuje i priprema prezentacije u okviru serije otvorenih doga\u0111aja o nuklearnoj energiji. Ovi doga\u0111aji se odigravaju u prostorijama IJS u Ljubljani i traja\u0107e do novembra.<\/p>\n\n\n\n<p>Podse\u0107amo i da su poslanici uredbu o raspisivanju konsultativnog referenduma poslanici usvojili u \u010detvrtak, uz \u0161iroku podr\u0161ku iz redova i vladaju\u0107e koalicije i opozicije. Referendumsko pitanje \u0107e biti: \u201eDa li podr\u017eavate realizaciju projekta Jek 2, koji \u0107e zajedno sa drugim niskougljeni\u010dnim izvorima obezbediti stabilno snabdevanje elektri\u010dnom energijom?\u201c i op\u0161te glasanje \u0107e se odr\u017eati 24. novembra.<\/p>\n\n\n\n<p class=\"has-text-align-right\">S.A.<\/p>\n","protected":false},"excerpt":{"rendered":"<p>Slovena\u010dki institut Jo\u017eef Stefan (IJS) isti\u010de prednost nuklearne energije i izra\u017eava \u017eelju za aktivnijom ulogom struke u diskusijama o nuklearnoj<\/p>\n","protected":false},"author":4,"featured_media":512,"comment_status":"closed","ping_status":"open","sticky":false,"template":"","format":"standard","meta":{"om_disable_all_campaigns":false,"_monsterinsights_skip_tracking":false,"_monsterinsights_sitenote_active":false,"_monsterinsights_sitenote_note":"","_monsterinsights_sitenote_category":0,"footnotes":""},"categories":[1],"tags":[],"class_list":["post-1009","post","type-post","status-publish","format-standard","has-post-thumbnail","hentry","category-uncategorized"],"aioseo_notices":[],"_links":{"self":[{"href":"https:\/\/nuklearnaperspektiva.com\/index.php\/wp-json\/wp\/v2\/posts\/1009","targetHints":{"allow":["GET"]}}],"collection":[{"href":"https:\/\/nuklearnaperspektiva.com\/index.php\/wp-json\/wp\/v2\/posts"}],"about":[{"href":"https:\/\/nuklearnaperspektiva.com\/index.php\/wp-json\/wp\/v2\/types\/post"}],"author":[{"embeddable":true,"href":"https:\/\/nuklearnaperspektiva.com\/index.php\/wp-json\/wp\/v2\/users\/4"}],"replies":[{"embeddable":true,"href":"https:\/\/nuklearnaperspektiva.com\/index.php\/wp-json\/wp\/v2\/comments?post=1009"}],"version-history":[{"count":1,"href":"https:\/\/nuklearnaperspektiva.com\/index.php\/wp-json\/wp\/v2\/posts\/1009\/revisions"}],"predecessor-version":[{"id":1010,"href":"https:\/\/nuklearnaperspektiva.com\/index.php\/wp-json\/wp\/v2\/posts\/1009\/revisions\/1010"}],"wp:featuredmedia":[{"embeddable":true,"href":"https:\/\/nuklearnaperspektiva.com\/index.php\/wp-json\/wp\/v2\/media\/512"}],"wp:attachment":[{"href":"https:\/\/nuklearnaperspektiva.com\/index.php\/wp-json\/wp\/v2\/media?parent=1009"}],"wp:term":[{"taxonomy":"category","embeddable":true,"href":"https:\/\/nuklearnaperspektiva.com\/index.php\/wp-json\/wp\/v2\/categories?post=1009"},{"taxonomy":"post_tag","embeddable":true,"href":"https:\/\/nuklearnaperspektiva.com\/index.php\/wp-json\/wp\/v2\/tags?post=1009"}],"curies":[{"name":"wp","href":"https:\/\/api.w.org\/{rel}","templated":true}]}}