{"id":1004,"date":"2024-10-17T07:48:38","date_gmt":"2024-10-17T07:48:38","guid":{"rendered":"https:\/\/nuklearnaperspektiva.com\/?p=1004"},"modified":"2024-10-17T07:48:39","modified_gmt":"2024-10-17T07:48:39","slug":"ministri-eu-ce-podrzati-nuklearnu-energiju-na-cop29","status":"publish","type":"post","link":"https:\/\/nuklearnaperspektiva.com\/index.php\/2024\/10\/17\/ministri-eu-ce-podrzati-nuklearnu-energiju-na-cop29\/","title":{"rendered":"Ministri EU \u0107e podr\u017eati nuklearnu energiju na COP29\u00a0"},"content":{"rendered":"\n<p><strong>Ministri EU \u0107e po prvi put podr\u017eati nuklearnu energiju na samitu ujedinjenih nacija o klimi, pi\u0161e Finantial Times\u00a0<\/strong><\/p>\n\n\n\n<figure class=\"wp-block-image size-large\"><img loading=\"lazy\" decoding=\"async\" width=\"1024\" height=\"1024\" src=\"https:\/\/nuklearnaperspektiva.com\/wp-content\/uploads\/2024\/10\/cop29-1200x1200-1-1024x1024.webp\" alt=\"Foto: Climate Chance\" class=\"wp-image-1005\" srcset=\"https:\/\/nuklearnaperspektiva.com\/wp-content\/uploads\/2024\/10\/cop29-1200x1200-1-1024x1024.webp 1024w, https:\/\/nuklearnaperspektiva.com\/wp-content\/uploads\/2024\/10\/cop29-1200x1200-1-300x300.webp 300w, https:\/\/nuklearnaperspektiva.com\/wp-content\/uploads\/2024\/10\/cop29-1200x1200-1-150x150.webp 150w, https:\/\/nuklearnaperspektiva.com\/wp-content\/uploads\/2024\/10\/cop29-1200x1200-1-768x768.webp 768w, https:\/\/nuklearnaperspektiva.com\/wp-content\/uploads\/2024\/10\/cop29-1200x1200-1.webp 1200w\" sizes=\"auto, (max-width: 1024px) 100vw, 1024px\" \/><figcaption class=\"wp-element-caption\">Foto: Climate Chance<\/figcaption><\/figure>\n\n\n\n<p>A to svakako predstavlja znak da je nuklearna energija od sve ve\u0107e va\u017enosti i u Evropi. Londonski dnevnik navodi da su duboke podele izme\u0111u Francuske i Nema\u010dke ote\u017eale razgovore o pregovara\u010dkom stavu EU za skup COP29 koji \u0107e se odr\u017eati u Bakuu u Azerbejd\u017eanu slede\u0107eg meseca, ali su se zemlje EU na kraju slo\u017eile da bi trebalo da pozovu na ubrzavanje razvoja i implementacije tehnologija sa niskim emisijama u skladu sa dogovorom koji je sklopljen jo\u0161 na prethodnom samitu Cop28 u Dubaiju.&nbsp;<\/p>\n\n\n\n<p>Financial Times precizira da \u0107e grupa prete\u017eno isto\u010dnoevropskih zemalja i Francuska u utorak objaviti dokument u kojem pozivaju Brisel da prizna \u201eklju\u010dnu ulogu\u201c nuklearne energije i osigura da ona bude \u201epropisno integrisana\u201c u nove predloge energetske regulative EU i pi\u0161e dok su na marginama sastanka u ponedeljak holandska i francuska vlada potpisale sporazum o pove\u0107anju saradnje u oblasti nuklearne energije i zalaganju za ve\u0107u \u201einstitucionalnu podr\u0161ku\u201c za nuklearnu energiju.<\/p>\n\n\n\n<p>Ova valorizacija nuklearne energije &#8211; kroz podr\u0161ku koju \u0107e ministri EU pru\u017eiti &#8211; va\u017ena je i kao jedna vrsta \u201cporuke\u201d &#8211; poruke da su se stavovi prema nuklearnoj energiji po\u010deli menjati nakon vi\u0161e od decenije &#8211; ta\u010dnije, od nesre\u0107e u Fuku\u0161imi 2011.&nbsp;<\/p>\n\n\n\n<p>Ipak, nije samo problem skepsa oko bezbednosti nuklearne energie, jer postoje i strukturniji problemi: nekoliko zemalja EU, uklju\u010div tu Nema\u010dku, Austriju i Dansku, strahuje da bi preveliki fokus na nuklearnu energiju mogao da smanji sredstva za obnovljive izvore energije za koje ove vlade smatraju da su jeftiniji, \u010distiji i br\u017ei na\u010dina da se smanji emisija gasova staklene ba\u0161te.<\/p>\n\n\n\n<p>Stoga podse\u0107amo da ni EU ni Evropska komisija nemaju ujedna\u010den stav po ovom pitanju: Francuska predvodi grupu zemalja koje podr\u017eavaju nuklearnu energiju dok Nema\u010dka predvodi grupu zemalja koja se zala\u017ee za upotrebu obnovljivih izvora energije. Problem je malo i lingvisti\u010dki: \u201cobnovljivi izvori energije\u201d su sunce, vetar, hidro i biomasa, dok nuklearna energija nema taj epitet zbog proste fizi\u010dke ograni\u010denosti nuklearnih goriva. Ali u isto vreme \u201cobnovljivi izvori energije\u201d ne moraju nu\u017eno biti izvori i sa nultim emisijama. A ve\u0107 neko vreme u Evropi se Nema\u010dka i Francuska sukobljavaju oko toga da li u budu\u0107nosti valja investirati u \u201cobnovljive\u201d ili \u201cizvore energije sa nultim emisijama\u201d.<br><br>Pa ipak, ova lingvisti\u010dka bitka zapravo je, spekuli\u0161e se, samo paravan za sukob Nema\u010dke i Francuske koje imaju razli\u010dite energetske politike: Nema\u010dka insistira na isklju\u010divo obnovljivim, Francuska na \u201cizvorima sa nultom emisijom\u201d.&nbsp;<\/p>\n\n\n\n<p>A vest koja dolazi od Finantial Times-a pokazuje da mo\u017eda u evropskoj birokratiji dolazi do odre\u0111enih promena, odnosno da dr\u017eave koje podr\u017eavaju nuklearnu energiju donijaju sve ve\u0107i uticaj na dono\u0111enje odluka u Evropi.&nbsp;<\/p>\n\n\n\n<p class=\"has-text-align-right\">S.A.<\/p>\n","protected":false},"excerpt":{"rendered":"<p>Ministri EU \u0107e po prvi put podr\u017eati nuklearnu energiju na samitu ujedinjenih nacija o klimi, pi\u0161e Finantial Times\u00a0 A to<\/p>\n","protected":false},"author":4,"featured_media":1005,"comment_status":"closed","ping_status":"open","sticky":false,"template":"","format":"standard","meta":{"om_disable_all_campaigns":false,"_monsterinsights_skip_tracking":false,"_monsterinsights_sitenote_active":false,"_monsterinsights_sitenote_note":"","_monsterinsights_sitenote_category":0,"footnotes":""},"categories":[58,19],"tags":[],"class_list":["post-1004","post","type-post","status-publish","format-standard","has-post-thumbnail","hentry","category-analize","category-vesti"],"aioseo_notices":[],"_links":{"self":[{"href":"https:\/\/nuklearnaperspektiva.com\/index.php\/wp-json\/wp\/v2\/posts\/1004","targetHints":{"allow":["GET"]}}],"collection":[{"href":"https:\/\/nuklearnaperspektiva.com\/index.php\/wp-json\/wp\/v2\/posts"}],"about":[{"href":"https:\/\/nuklearnaperspektiva.com\/index.php\/wp-json\/wp\/v2\/types\/post"}],"author":[{"embeddable":true,"href":"https:\/\/nuklearnaperspektiva.com\/index.php\/wp-json\/wp\/v2\/users\/4"}],"replies":[{"embeddable":true,"href":"https:\/\/nuklearnaperspektiva.com\/index.php\/wp-json\/wp\/v2\/comments?post=1004"}],"version-history":[{"count":1,"href":"https:\/\/nuklearnaperspektiva.com\/index.php\/wp-json\/wp\/v2\/posts\/1004\/revisions"}],"predecessor-version":[{"id":1006,"href":"https:\/\/nuklearnaperspektiva.com\/index.php\/wp-json\/wp\/v2\/posts\/1004\/revisions\/1006"}],"wp:featuredmedia":[{"embeddable":true,"href":"https:\/\/nuklearnaperspektiva.com\/index.php\/wp-json\/wp\/v2\/media\/1005"}],"wp:attachment":[{"href":"https:\/\/nuklearnaperspektiva.com\/index.php\/wp-json\/wp\/v2\/media?parent=1004"}],"wp:term":[{"taxonomy":"category","embeddable":true,"href":"https:\/\/nuklearnaperspektiva.com\/index.php\/wp-json\/wp\/v2\/categories?post=1004"},{"taxonomy":"post_tag","embeddable":true,"href":"https:\/\/nuklearnaperspektiva.com\/index.php\/wp-json\/wp\/v2\/tags?post=1004"}],"curies":[{"name":"wp","href":"https:\/\/api.w.org\/{rel}","templated":true}]}}